{"id":3186,"date":"2024-06-06T10:37:30","date_gmt":"2024-06-06T08:37:30","guid":{"rendered":"https:\/\/sbx82.cod.cc\/cfao\/supeco\/?p=3186"},"modified":"2024-06-06T10:37:31","modified_gmt":"2024-06-06T08:37:31","slug":"supeco-mbour-ouvre-ses-portes-ce-6-juin-2024","status":"publish","type":"post","link":"https:\/\/sbx82.cod.cc\/cfao\/supeco\/supeco-mbour-ouvre-ses-portes-ce-6-juin-2024\/","title":{"rendered":"Supeco Mbour ouvre ses portes ce 6 juin 2024"},"content":{"rendered":"\n<figure class=\"wp-block-image size-full\"><img fetchpriority=\"high\" decoding=\"async\" width=\"1000\" height=\"750\" src=\"https:\/\/sbx82.cod.cc\/cfao\/supeco\/wp-content\/uploads\/2024\/06\/IMG-20240605-WA0005.jpg\" alt=\"\" class=\"wp-image-3187\" srcset=\"https:\/\/sbx82.cod.cc\/cfao\/supeco\/wp-content\/uploads\/2024\/06\/IMG-20240605-WA0005.jpg 1000w, https:\/\/sbx82.cod.cc\/cfao\/supeco\/wp-content\/uploads\/2024\/06\/IMG-20240605-WA0005-300x225.jpg 300w, https:\/\/sbx82.cod.cc\/cfao\/supeco\/wp-content\/uploads\/2024\/06\/IMG-20240605-WA0005-768x576.jpg 768w\" sizes=\"(max-width: 1000px) 100vw, 1000px\" \/><figcaption class=\"wp-element-caption\">Supeco Mbour, S\u00e9n\u00e9gal<\/figcaption><\/figure>\n\n\n\n<div data-wp-interactive=\"core\/file\" class=\"wp-block-file\"><object data-wp-bind--hidden=\"!state.hasPdfPreview\" hidden class=\"wp-block-file__embed\" data=\"https:\/\/sbx82.cod.cc\/cfao\/supeco\/wp-content\/uploads\/2024\/06\/CP-Supeco-MBour-VDEF.pdf\" type=\"application\/pdf\" style=\"width:100%;height:600px\" aria-label=\"Contenu embarqu\u00e9 CP-Supeco-MBour-VDEF.\"><\/object><a id=\"wp-block-file--media-7fbd3e09-62e2-4887-b6c0-be778851ff85\" href=\"https:\/\/sbx82.cod.cc\/cfao\/supeco\/wp-content\/uploads\/2024\/06\/CP-Supeco-MBour-VDEF.pdf\">CP-Supeco-MBour-VDEF<\/a><a href=\"https:\/\/sbx82.cod.cc\/cfao\/supeco\/wp-content\/uploads\/2024\/06\/CP-Supeco-MBour-VDEF.pdf\" class=\"wp-block-file__button wp-element-button\" download aria-describedby=\"wp-block-file--media-7fbd3e09-62e2-4887-b6c0-be778851ff85\">T\u00e9l\u00e9charger<\/a><\/div>\n","protected":false},"excerpt":{"rendered":"","protected":false},"author":2,"featured_media":3189,"comment_status":"closed","ping_status":"closed","sticky":true,"template":"","format":"standard","meta":{"_acf_changed":false,"footnotes":""},"categories":[20,14],"tags":[],"class_list":["post-3186","post","type-post","status-publish","format-standard","has-post-thumbnail","hentry","category-news","category-communique"],"pp_force_visibility":null,"pp_subpost_visibility":null,"pp_inherited_force_visibility":null,"pp_inherited_subpost_visibility":null,"acf":[],"yoast_head":"<!-- This site is optimized with the Yoast SEO plugin v25.2 - https:\/\/yoast.com\/wordpress\/plugins\/seo\/ -->\n<title>Supeco Mbour ouvre ses portes ce 6 juin 2024 - Supeco<\/title>\n<meta name=\"description\" content=\"Ouverture d&#039;un supermarch\u00e9 Supeco au S\u00e9n\u00e9gal dans la ville de Mbour, \u00e0 80 kms de Dakar. Supeco, le supermarch\u00e9 \u00e0 prix bas.\" \/>\n<meta name=\"robots\" content=\"index, follow, max-snippet:-1, max-image-preview:large, max-video-preview:-1\" \/>\n<link rel=\"canonical\" href=\"https:\/\/sbx82.cod.cc\/cfao\/supeco\/supeco-mbour-ouvre-ses-portes-ce-6-juin-2024\/\" \/>\n<meta property=\"og:locale\" content=\"fr_FR\" \/>\n<meta property=\"og:type\" content=\"article\" \/>\n<meta property=\"og:title\" content=\"Supeco Mbour ouvre ses portes ce 6 juin 2024 - Supeco\" \/>\n<meta property=\"og:description\" content=\"Ouverture d&#039;un supermarch\u00e9 Supeco au S\u00e9n\u00e9gal dans la ville de Mbour, \u00e0 80 kms de Dakar. Supeco, le supermarch\u00e9 \u00e0 prix bas.\" \/>\n<meta property=\"og:url\" content=\"https:\/\/sbx82.cod.cc\/cfao\/supeco\/supeco-mbour-ouvre-ses-portes-ce-6-juin-2024\/\" \/>\n<meta property=\"og:site_name\" content=\"Supeco\" \/>\n<meta property=\"article:published_time\" content=\"2024-06-06T08:37:30+00:00\" \/>\n<meta property=\"article:modified_time\" content=\"2024-06-06T08:37:31+00:00\" \/>\n<meta property=\"og:image\" content=\"https:\/\/sbx82.cod.cc\/cfao\/supeco\/wp-content\/uploads\/2024\/06\/IMG-20240605-WA0005-1.jpg\" \/>\n\t<meta property=\"og:image:width\" content=\"1000\" \/>\n\t<meta property=\"og:image:height\" content=\"750\" \/>\n\t<meta property=\"og:image:type\" content=\"image\/jpeg\" \/>\n<meta name=\"author\" content=\"Christine Calvez\" \/>\n<meta name=\"twitter:card\" content=\"summary_large_image\" \/>\n<meta name=\"twitter:label1\" content=\"\u00c9crit par\" \/>\n\t<meta name=\"twitter:data1\" content=\"Christine Calvez\" \/>\n\t<meta name=\"twitter:label2\" content=\"Dur\u00e9e de lecture estim\u00e9e\" \/>\n\t<meta name=\"twitter:data2\" content=\"1 minute\" \/>\n<script type=\"application\/ld+json\" class=\"yoast-schema-graph\">{\"@context\":\"https:\/\/schema.org\",\"@graph\":[{\"@type\":\"Article\",\"@id\":\"https:\/\/sbx82.cod.cc\/cfao\/supeco\/supeco-mbour-ouvre-ses-portes-ce-6-juin-2024\/#article\",\"isPartOf\":{\"@id\":\"https:\/\/sbx82.cod.cc\/cfao\/supeco\/supeco-mbour-ouvre-ses-portes-ce-6-juin-2024\/\"},\"author\":{\"name\":\"Christine Calvez\",\"@id\":\"https:\/\/sbx82.cod.cc\/cfao\/supeco\/#\/schema\/person\/66601bd6800fb2547f4eee445abe10bb\"},\"headline\":\"Supeco Mbour ouvre ses portes ce 6 juin 2024\",\"datePublished\":\"2024-06-06T08:37:30+00:00\",\"dateModified\":\"2024-06-06T08:37:31+00:00\",\"mainEntityOfPage\":{\"@id\":\"https:\/\/sbx82.cod.cc\/cfao\/supeco\/supeco-mbour-ouvre-ses-portes-ce-6-juin-2024\/\"},\"wordCount\":16,\"publisher\":{\"@id\":\"https:\/\/sbx82.cod.cc\/cfao\/supeco\/#organization\"},\"image\":{\"@id\":\"https:\/\/sbx82.cod.cc\/cfao\/supeco\/supeco-mbour-ouvre-ses-portes-ce-6-juin-2024\/#primaryimage\"},\"thumbnailUrl\":\"https:\/\/sbx82.cod.cc\/cfao\/supeco\/wp-content\/uploads\/2024\/06\/IMG-20240605-WA0005-1.jpg\",\"articleSection\":[\"Actualit\u00e9s\",\"communiqu\u00e9 de presse\"],\"inLanguage\":\"fr-FR\"},{\"@type\":\"WebPage\",\"@id\":\"https:\/\/sbx82.cod.cc\/cfao\/supeco\/supeco-mbour-ouvre-ses-portes-ce-6-juin-2024\/\",\"url\":\"https:\/\/sbx82.cod.cc\/cfao\/supeco\/supeco-mbour-ouvre-ses-portes-ce-6-juin-2024\/\",\"name\":\"Supeco Mbour ouvre ses portes ce 6 juin 2024 - Supeco\",\"isPartOf\":{\"@id\":\"https:\/\/sbx82.cod.cc\/cfao\/supeco\/#website\"},\"primaryImageOfPage\":{\"@id\":\"https:\/\/sbx82.cod.cc\/cfao\/supeco\/supeco-mbour-ouvre-ses-portes-ce-6-juin-2024\/#primaryimage\"},\"image\":{\"@id\":\"https:\/\/sbx82.cod.cc\/cfao\/supeco\/supeco-mbour-ouvre-ses-portes-ce-6-juin-2024\/#primaryimage\"},\"thumbnailUrl\":\"https:\/\/sbx82.cod.cc\/cfao\/supeco\/wp-content\/uploads\/2024\/06\/IMG-20240605-WA0005-1.jpg\",\"datePublished\":\"2024-06-06T08:37:30+00:00\",\"dateModified\":\"2024-06-06T08:37:31+00:00\",\"description\":\"Ouverture d'un supermarch\u00e9 Supeco au S\u00e9n\u00e9gal dans la ville de Mbour, \u00e0 80 kms de Dakar. Supeco, le supermarch\u00e9 \u00e0 prix bas.\",\"inLanguage\":\"fr-FR\",\"potentialAction\":[{\"@type\":\"ReadAction\",\"target\":[\"https:\/\/sbx82.cod.cc\/cfao\/supeco\/supeco-mbour-ouvre-ses-portes-ce-6-juin-2024\/\"]}]},{\"@type\":\"ImageObject\",\"inLanguage\":\"fr-FR\",\"@id\":\"https:\/\/sbx82.cod.cc\/cfao\/supeco\/supeco-mbour-ouvre-ses-portes-ce-6-juin-2024\/#primaryimage\",\"url\":\"https:\/\/sbx82.cod.cc\/cfao\/supeco\/wp-content\/uploads\/2024\/06\/IMG-20240605-WA0005-1.jpg\",\"contentUrl\":\"https:\/\/sbx82.cod.cc\/cfao\/supeco\/wp-content\/uploads\/2024\/06\/IMG-20240605-WA0005-1.jpg\",\"width\":1000,\"height\":750},{\"@type\":\"WebSite\",\"@id\":\"https:\/\/sbx82.cod.cc\/cfao\/supeco\/#website\",\"url\":\"https:\/\/sbx82.cod.cc\/cfao\/supeco\/\",\"name\":\"Supeco\",\"description\":\"Supermarch\u00e9 \u00e9conomique - permet de r\u00e9aliser des \u00e9conomies tous les jours\",\"publisher\":{\"@id\":\"https:\/\/sbx82.cod.cc\/cfao\/supeco\/#organization\"},\"potentialAction\":[{\"@type\":\"SearchAction\",\"target\":{\"@type\":\"EntryPoint\",\"urlTemplate\":\"https:\/\/sbx82.cod.cc\/cfao\/supeco\/?s={search_term_string}\"},\"query-input\":{\"@type\":\"PropertyValueSpecification\",\"valueRequired\":true,\"valueName\":\"search_term_string\"}}],\"inLanguage\":\"fr-FR\"},{\"@type\":\"Organization\",\"@id\":\"https:\/\/sbx82.cod.cc\/cfao\/supeco\/#organization\",\"name\":\"Supeco\",\"url\":\"https:\/\/sbx82.cod.cc\/cfao\/supeco\/\",\"logo\":{\"@type\":\"ImageObject\",\"inLanguage\":\"fr-FR\",\"@id\":\"https:\/\/sbx82.cod.cc\/cfao\/supeco\/#\/schema\/logo\/image\/\",\"url\":\"https:\/\/sbx82.cod.cc\/cfao\/supeco\/wp-content\/uploads\/2019\/03\/supeco-baseline-rectangle-logo.gif\",\"contentUrl\":\"https:\/\/sbx82.cod.cc\/cfao\/supeco\/wp-content\/uploads\/2019\/03\/supeco-baseline-rectangle-logo.gif\",\"width\":200,\"height\":73,\"caption\":\"Supeco\"},\"image\":{\"@id\":\"https:\/\/sbx82.cod.cc\/cfao\/supeco\/#\/schema\/logo\/image\/\"},\"sameAs\":[\"https:\/\/www.linkedin.com\/company\/28987507\/\"]},{\"@type\":\"Person\",\"@id\":\"https:\/\/sbx82.cod.cc\/cfao\/supeco\/#\/schema\/person\/66601bd6800fb2547f4eee445abe10bb\",\"name\":\"Christine Calvez\",\"image\":{\"@type\":\"ImageObject\",\"inLanguage\":\"fr-FR\",\"@id\":\"https:\/\/sbx82.cod.cc\/cfao\/supeco\/#\/schema\/person\/image\/\",\"url\":\"https:\/\/secure.gravatar.com\/avatar\/19d1c6312d74fc37040a2e397d7574bd47e0b45943d4f4303c9a2d046303ebcf?s=96&d=mm&r=g\",\"contentUrl\":\"https:\/\/secure.gravatar.com\/avatar\/19d1c6312d74fc37040a2e397d7574bd47e0b45943d4f4303c9a2d046303ebcf?s=96&d=mm&r=g\",\"caption\":\"Christine Calvez\"},\"url\":\"https:\/\/sbx82.cod.cc\/cfao\/supeco\/author\/ccalvezcfao-com\/\"}]}<\/script>\n<!-- \/ Yoast SEO plugin. -->","yoast_head_json":{"title":"Supeco Mbour ouvre ses portes ce 6 juin 2024 - Supeco","description":"Ouverture d'un supermarch\u00e9 Supeco au S\u00e9n\u00e9gal dans la ville de Mbour, \u00e0 80 kms de Dakar. Supeco, le supermarch\u00e9 \u00e0 prix bas.","robots":{"index":"index","follow":"follow","max-snippet":"max-snippet:-1","max-image-preview":"max-image-preview:large","max-video-preview":"max-video-preview:-1"},"canonical":"https:\/\/sbx82.cod.cc\/cfao\/supeco\/supeco-mbour-ouvre-ses-portes-ce-6-juin-2024\/","og_locale":"fr_FR","og_type":"article","og_title":"Supeco Mbour ouvre ses portes ce 6 juin 2024 - Supeco","og_description":"Ouverture d'un supermarch\u00e9 Supeco au S\u00e9n\u00e9gal dans la ville de Mbour, \u00e0 80 kms de Dakar. Supeco, le supermarch\u00e9 \u00e0 prix bas.","og_url":"https:\/\/sbx82.cod.cc\/cfao\/supeco\/supeco-mbour-ouvre-ses-portes-ce-6-juin-2024\/","og_site_name":"Supeco","article_published_time":"2024-06-06T08:37:30+00:00","article_modified_time":"2024-06-06T08:37:31+00:00","og_image":[{"width":1000,"height":750,"url":"https:\/\/sbx82.cod.cc\/cfao\/supeco\/wp-content\/uploads\/2024\/06\/IMG-20240605-WA0005-1.jpg","type":"image\/jpeg"}],"author":"Christine Calvez","twitter_card":"summary_large_image","twitter_misc":{"\u00c9crit par":"Christine Calvez","Dur\u00e9e de lecture estim\u00e9e":"1 minute"},"schema":{"@context":"https:\/\/schema.org","@graph":[{"@type":"Article","@id":"https:\/\/sbx82.cod.cc\/cfao\/supeco\/supeco-mbour-ouvre-ses-portes-ce-6-juin-2024\/#article","isPartOf":{"@id":"https:\/\/sbx82.cod.cc\/cfao\/supeco\/supeco-mbour-ouvre-ses-portes-ce-6-juin-2024\/"},"author":{"name":"Christine Calvez","@id":"https:\/\/sbx82.cod.cc\/cfao\/supeco\/#\/schema\/person\/66601bd6800fb2547f4eee445abe10bb"},"headline":"Supeco Mbour ouvre ses portes ce 6 juin 2024","datePublished":"2024-06-06T08:37:30+00:00","dateModified":"2024-06-06T08:37:31+00:00","mainEntityOfPage":{"@id":"https:\/\/sbx82.cod.cc\/cfao\/supeco\/supeco-mbour-ouvre-ses-portes-ce-6-juin-2024\/"},"wordCount":16,"publisher":{"@id":"https:\/\/sbx82.cod.cc\/cfao\/supeco\/#organization"},"image":{"@id":"https:\/\/sbx82.cod.cc\/cfao\/supeco\/supeco-mbour-ouvre-ses-portes-ce-6-juin-2024\/#primaryimage"},"thumbnailUrl":"https:\/\/sbx82.cod.cc\/cfao\/supeco\/wp-content\/uploads\/2024\/06\/IMG-20240605-WA0005-1.jpg","articleSection":["Actualit\u00e9s","communiqu\u00e9 de presse"],"inLanguage":"fr-FR"},{"@type":"WebPage","@id":"https:\/\/sbx82.cod.cc\/cfao\/supeco\/supeco-mbour-ouvre-ses-portes-ce-6-juin-2024\/","url":"https:\/\/sbx82.cod.cc\/cfao\/supeco\/supeco-mbour-ouvre-ses-portes-ce-6-juin-2024\/","name":"Supeco Mbour ouvre ses portes ce 6 juin 2024 - Supeco","isPartOf":{"@id":"https:\/\/sbx82.cod.cc\/cfao\/supeco\/#website"},"primaryImageOfPage":{"@id":"https:\/\/sbx82.cod.cc\/cfao\/supeco\/supeco-mbour-ouvre-ses-portes-ce-6-juin-2024\/#primaryimage"},"image":{"@id":"https:\/\/sbx82.cod.cc\/cfao\/supeco\/supeco-mbour-ouvre-ses-portes-ce-6-juin-2024\/#primaryimage"},"thumbnailUrl":"https:\/\/sbx82.cod.cc\/cfao\/supeco\/wp-content\/uploads\/2024\/06\/IMG-20240605-WA0005-1.jpg","datePublished":"2024-06-06T08:37:30+00:00","dateModified":"2024-06-06T08:37:31+00:00","description":"Ouverture d'un supermarch\u00e9 Supeco au S\u00e9n\u00e9gal dans la ville de Mbour, \u00e0 80 kms de Dakar. Supeco, le supermarch\u00e9 \u00e0 prix bas.","inLanguage":"fr-FR","potentialAction":[{"@type":"ReadAction","target":["https:\/\/sbx82.cod.cc\/cfao\/supeco\/supeco-mbour-ouvre-ses-portes-ce-6-juin-2024\/"]}]},{"@type":"ImageObject","inLanguage":"fr-FR","@id":"https:\/\/sbx82.cod.cc\/cfao\/supeco\/supeco-mbour-ouvre-ses-portes-ce-6-juin-2024\/#primaryimage","url":"https:\/\/sbx82.cod.cc\/cfao\/supeco\/wp-content\/uploads\/2024\/06\/IMG-20240605-WA0005-1.jpg","contentUrl":"https:\/\/sbx82.cod.cc\/cfao\/supeco\/wp-content\/uploads\/2024\/06\/IMG-20240605-WA0005-1.jpg","width":1000,"height":750},{"@type":"WebSite","@id":"https:\/\/sbx82.cod.cc\/cfao\/supeco\/#website","url":"https:\/\/sbx82.cod.cc\/cfao\/supeco\/","name":"Supeco","description":"Supermarch\u00e9 \u00e9conomique - permet de r\u00e9aliser des \u00e9conomies tous les jours","publisher":{"@id":"https:\/\/sbx82.cod.cc\/cfao\/supeco\/#organization"},"potentialAction":[{"@type":"SearchAction","target":{"@type":"EntryPoint","urlTemplate":"https:\/\/sbx82.cod.cc\/cfao\/supeco\/?s={search_term_string}"},"query-input":{"@type":"PropertyValueSpecification","valueRequired":true,"valueName":"search_term_string"}}],"inLanguage":"fr-FR"},{"@type":"Organization","@id":"https:\/\/sbx82.cod.cc\/cfao\/supeco\/#organization","name":"Supeco","url":"https:\/\/sbx82.cod.cc\/cfao\/supeco\/","logo":{"@type":"ImageObject","inLanguage":"fr-FR","@id":"https:\/\/sbx82.cod.cc\/cfao\/supeco\/#\/schema\/logo\/image\/","url":"https:\/\/sbx82.cod.cc\/cfao\/supeco\/wp-content\/uploads\/2019\/03\/supeco-baseline-rectangle-logo.gif","contentUrl":"https:\/\/sbx82.cod.cc\/cfao\/supeco\/wp-content\/uploads\/2019\/03\/supeco-baseline-rectangle-logo.gif","width":200,"height":73,"caption":"Supeco"},"image":{"@id":"https:\/\/sbx82.cod.cc\/cfao\/supeco\/#\/schema\/logo\/image\/"},"sameAs":["https:\/\/www.linkedin.com\/company\/28987507\/"]},{"@type":"Person","@id":"https:\/\/sbx82.cod.cc\/cfao\/supeco\/#\/schema\/person\/66601bd6800fb2547f4eee445abe10bb","name":"Christine Calvez","image":{"@type":"ImageObject","inLanguage":"fr-FR","@id":"https:\/\/sbx82.cod.cc\/cfao\/supeco\/#\/schema\/person\/image\/","url":"https:\/\/secure.gravatar.com\/avatar\/19d1c6312d74fc37040a2e397d7574bd47e0b45943d4f4303c9a2d046303ebcf?s=96&d=mm&r=g","contentUrl":"https:\/\/secure.gravatar.com\/avatar\/19d1c6312d74fc37040a2e397d7574bd47e0b45943d4f4303c9a2d046303ebcf?s=96&d=mm&r=g","caption":"Christine Calvez"},"url":"https:\/\/sbx82.cod.cc\/cfao\/supeco\/author\/ccalvezcfao-com\/"}]}},"_links":{"self":[{"href":"https:\/\/sbx82.cod.cc\/cfao\/supeco\/wp-json\/wp\/v2\/posts\/3186","targetHints":{"allow":["GET"]}}],"collection":[{"href":"https:\/\/sbx82.cod.cc\/cfao\/supeco\/wp-json\/wp\/v2\/posts"}],"about":[{"href":"https:\/\/sbx82.cod.cc\/cfao\/supeco\/wp-json\/wp\/v2\/types\/post"}],"author":[{"embeddable":true,"href":"https:\/\/sbx82.cod.cc\/cfao\/supeco\/wp-json\/wp\/v2\/users\/2"}],"replies":[{"embeddable":true,"href":"https:\/\/sbx82.cod.cc\/cfao\/supeco\/wp-json\/wp\/v2\/comments?post=3186"}],"version-history":[{"count":1,"href":"https:\/\/sbx82.cod.cc\/cfao\/supeco\/wp-json\/wp\/v2\/posts\/3186\/revisions"}],"predecessor-version":[{"id":3190,"href":"https:\/\/sbx82.cod.cc\/cfao\/supeco\/wp-json\/wp\/v2\/posts\/3186\/revisions\/3190"}],"wp:featuredmedia":[{"embeddable":true,"href":"https:\/\/sbx82.cod.cc\/cfao\/supeco\/wp-json\/wp\/v2\/media\/3189"}],"wp:attachment":[{"href":"https:\/\/sbx82.cod.cc\/cfao\/supeco\/wp-json\/wp\/v2\/media?parent=3186"}],"wp:term":[{"taxonomy":"category","embeddable":true,"href":"https:\/\/sbx82.cod.cc\/cfao\/supeco\/wp-json\/wp\/v2\/categories?post=3186"},{"taxonomy":"post_tag","embeddable":true,"href":"https:\/\/sbx82.cod.cc\/cfao\/supeco\/wp-json\/wp\/v2\/tags?post=3186"}],"curies":[{"name":"wp","href":"https:\/\/api.w.org\/{rel}","templated":true}]}}