{"id":3125,"date":"2023-11-29T08:25:13","date_gmt":"2023-11-29T07:25:13","guid":{"rendered":"https:\/\/sbx82.cod.cc\/cfao\/supeco\/?p=3125"},"modified":"2023-11-29T08:31:39","modified_gmt":"2023-11-29T07:31:39","slug":"reouverture-de-2-supeco-a-dakar","status":"publish","type":"post","link":"https:\/\/sbx82.cod.cc\/cfao\/supeco\/reouverture-de-2-supeco-a-dakar\/","title":{"rendered":"R\u00e9ouverture de 2 supermarch\u00e9 Supeco \u00e0 Dakar"},"content":{"rendered":"\n<p>Dakar, le 29 octobre 2023&nbsp;: quatre ans jour pour jour apr\u00e8s son inauguration, le 30 octobre 2019, les \u00e9quipes de CFAO Consumer S\u00e9n\u00e9gal sont heureuses de r\u00e9ouvrir aujourd\u2019hui, le supermarch\u00e9 Supeco Golf et d\u2019annoncer la r\u00e9ouverture semaine prochaine, de celui de Gu\u00e9diawaye.<\/p>\n\n\n\n<p>La c\u00e9r\u00e9monie de r\u00e9ouverture s\u2019est tenue en pr\u00e9sence Jean-Christophe Brindeau, Directeur G\u00e9n\u00e9ral de CFAO Consumer et de Malick Niang, Directeur g\u00e9n\u00e9ral de CFAO Consumer au S\u00e9n\u00e9gal.<\/p>\n\n\n\n<p>Jean-Christophe BRINDEAU, Directeur g\u00e9n\u00e9ral de la division CFAO Consumer s\u2019est rendu \u00e0 Dakar tout sp\u00e9cialement pour l\u2019occasion. Il explique <em>\u00ab&nbsp;Je suis extr\u00eamement heureux d\u2019\u00eatre ici \u00e0 Dakar, aux c\u00f4t\u00e9s de nos \u00e9quipes s\u00e9n\u00e9galaises en ce jour de r\u00e9ouverture du Supeco Golf et dans la perspective de la r\u00e9ouverture dans une semaine de Supeco Gu\u00e9diawaye. C\u2019est aussi une fa\u00e7on pour moi de les soutenir dans les efforts de remise en ordre de fonctionnement de nos supermarch\u00e9s. Parce qu\u2019il est important de r\u00e9aliser que ces supermarch\u00e9s sont en r\u00e9alit\u00e9 non seulement leur outil de travail et donc leurs emplois, mais aussi des cr\u00e9ateurs de dynamique \u00e9conomique et de vie dans les quartiers o\u00f9 nous sommes install\u00e9s.&nbsp;\u00bb<\/em><\/p>\n\n\n\n<p>Ces r\u00e9ouvertures ont \u00e9t\u00e9 rendues possibles gr\u00e2ce au travail acharn\u00e9 des membres de nos \u00e9quipes tr\u00e8s investies depuis pr\u00e8s de six mois dans le chantier de reconstitution de leur outil de travail d\u00e9vast\u00e9 par des \u00e9meutes.<\/p>\n\n\n\n<p>Malick Niang, Directeur g\u00e9n\u00e9ral de CFAO Consumer S\u00e9n\u00e9gal explique&nbsp;: \u00ab&nbsp;Apr\u00e8s les \u00e9meutes de d\u00e9but juin, il nous a fallu remettre absolument tout en \u00e9tat dans nos deux supermarch\u00e9s et r\u00e9investir dans le mobilier, les outils informatiques, le mat\u00e9riel mais aussi r\u00e9approvisionner chaque magasin. Aujourd\u2019hui, je suis fier du travail r\u00e9alis\u00e9 et je f\u00e9licite mes \u00e9quipes pour leur engagement qui a rendu possible ces r\u00e9ouvertures en un temps tr\u00e8s court.&nbsp;\u00bb<\/p>\n\n\n\n<p>L\u2019enseigne Supeco s\u2019adresse aux particuliers qui souhaitent b\u00e9n\u00e9ficier d\u2019un choix imm\u00e9diat sans transiger sur le prix ainsi qu\u2019aux professionnels et aux revendeurs situ\u00e9s au c\u0153ur des quartiers. Supeco leur offre la possibilit\u00e9 d\u2019acheter \u00e0 l\u2019unit\u00e9 ou au colis.<\/p>\n\n\n\n<figure class=\"wp-block-image size-large\"><img fetchpriority=\"high\" decoding=\"async\" width=\"1024\" height=\"219\" src=\"https:\/\/sbx82.cod.cc\/cfao\/supeco\/wp-content\/uploads\/2023\/11\/700x150cm_-01-1024x219.jpg\" alt=\"\" class=\"wp-image-3126\" srcset=\"https:\/\/sbx82.cod.cc\/cfao\/supeco\/wp-content\/uploads\/2023\/11\/700x150cm_-01-1024x219.jpg 1024w, https:\/\/sbx82.cod.cc\/cfao\/supeco\/wp-content\/uploads\/2023\/11\/700x150cm_-01-300x64.jpg 300w, https:\/\/sbx82.cod.cc\/cfao\/supeco\/wp-content\/uploads\/2023\/11\/700x150cm_-01-768x165.jpg 768w, https:\/\/sbx82.cod.cc\/cfao\/supeco\/wp-content\/uploads\/2023\/11\/700x150cm_-01-1536x329.jpg 1536w, https:\/\/sbx82.cod.cc\/cfao\/supeco\/wp-content\/uploads\/2023\/11\/700x150cm_-01-2048x439.jpg 2048w\" sizes=\"(max-width: 1024px) 100vw, 1024px\" \/><\/figure>\n\n\n\n<p>Adama SAMBA, Directrice du Supeco Golf explique&nbsp;: <em>\u00ab&nbsp;<strong>j\u2019habite le quartier et je travaille quotidiennement dans ce supermarch\u00e9 que je dirige<\/strong>. C\u2019est une v\u00e9ritable chance pour moi et mon \u00e9quipe de proposer \u00e0<\/em><em> notre client\u00e8le, au c\u0153ur de nos quartiers populaires, les prix les plus bas du march\u00e9 pour leurs achats du quotidien et ce dans un environnement aux standards internationaux.&nbsp;\u00bb<\/em><\/p>\n\n\n\n<p>Situ\u00e9 au c\u0153ur des quartiers, Supeco offre des produits de qualit\u00e9, une proximit\u00e9 imm\u00e9diate avec les clients, des produits n\u00e9cessaires \u00e0 la vie quotidienne aux prix les plus bas du march\u00e9, s\u2019appuyant sur un concept d\u2019\u00e9conomies maximum r\u00e9alis\u00e9es sur l\u2019am\u00e9nagement des magasins, la logistique et le marketing au profit du pouvoir d\u2019achat.<\/p>\n\n\n\n<figure class=\"wp-block-image size-large\"><img decoding=\"async\" width=\"1024\" height=\"154\" src=\"https:\/\/sbx82.cod.cc\/cfao\/supeco\/wp-content\/uploads\/2023\/11\/1000x150cm-01-1024x154.jpg\" alt=\"\" class=\"wp-image-3127\" srcset=\"https:\/\/sbx82.cod.cc\/cfao\/supeco\/wp-content\/uploads\/2023\/11\/1000x150cm-01-1024x154.jpg 1024w, https:\/\/sbx82.cod.cc\/cfao\/supeco\/wp-content\/uploads\/2023\/11\/1000x150cm-01-300x45.jpg 300w, https:\/\/sbx82.cod.cc\/cfao\/supeco\/wp-content\/uploads\/2023\/11\/1000x150cm-01-768x115.jpg 768w, https:\/\/sbx82.cod.cc\/cfao\/supeco\/wp-content\/uploads\/2023\/11\/1000x150cm-01-1536x231.jpg 1536w, https:\/\/sbx82.cod.cc\/cfao\/supeco\/wp-content\/uploads\/2023\/11\/1000x150cm-01-2048x308.jpg 2048w\" sizes=\"(max-width: 1024px) 100vw, 1024px\" \/><\/figure>\n\n\n\n<p>Avec Supeco, CFAO Consumer p\u00e9n\u00e8tre un nouveau segment de march\u00e9, primordial en Afrique. Il repr\u00e9sente 60% des consommateurs dans les centres urbains de la sous-r\u00e9gion. Un v\u00e9ritable levier de croissance pour CFAO Consumer.<\/p>\n\n\n\n<p>En Afrique subsaharienne, l\u2019enseigne <strong>Supeco<\/strong> d\u00e9velopp\u00e9e par <strong>CFAO Consumer<\/strong> est pr\u00e9sente au S\u00e9n\u00e9gal, en C\u00f4te d\u2019Ivoire et au Cameroun. Le r\u00e9seau est constitu\u00e9 de 11 supermarch\u00e9s sur les 3 pays dont 4 au S\u00e9n\u00e9gal.<\/p>\n\n\n\n<p><strong><em>\u00c0 propos de CFAO CONSUMER<\/em><\/strong><em><\/em><\/p>\n\n\n\n<p><em>Pour r\u00e9pondre aux attentes des consommateurs des classes moyennes africaines, nous d\u00e9veloppons en C\u00f4te d\u2019Ivoire, au Cameroun et au S\u00e9n\u00e9gal,&nbsp;diff\u00e9rents formats de distribution alimentaire en partenariat avec Carrefour (hypermarch\u00e9, supermarch\u00e9 et cash &amp; carry), des centres commerciaux PlaYce et un r\u00e9seau de boutiques franchis\u00e9es. Notre ambition :&nbsp;conjuguer une offre internationale et locale, de qualit\u00e9 et au meilleur prix.&nbsp;<\/em><\/p>\n\n\n\n<p><em>CFAO Consumer accompagne de&nbsp;grandes marques internationales,&nbsp;de la production \u00e0 la distribution de produits de grande consommation, dans les secteurs de la distribution alimentaire, de l\u2019hygi\u00e8ne et des produits du quotidien. Forts d\u2019une grande&nbsp;connaissance des march\u00e9s locaux&nbsp;et d\u2019un&nbsp;r\u00e9seau \u00e9tendu de revendeurs, nous d\u00e9ployons des strat\u00e9gies commerciales de distribution adapt\u00e9es \u00e0 chaque pays et au plus proche des consommateurs.<\/em><\/p>\n\n\n\n<p><em>4 pays d\u2019implantation 9 pays de distribution<\/em><\/p>\n\n\n\n<p><a href=\"https:\/\/www.cfaogroup.com\/fr\/consumer\/cfao-retail\/\">https:\/\/www.cfaogroup.com\/fr\/consumer\/cfao-retail\/<\/a><\/p>\n\n\n\n<p><a href=\"https:\/\/www.linkedin.com\/company\/cfaoretail\/\">https:\/\/www.linkedin.com\/company\/cfaoretail\/<\/a><\/p>\n\n\n\n<p><a href=\"https:\/\/www.facebook.com\/supeco.sn\/\">https:\/\/www.facebook.com\/supeco.sn\/<\/a><\/p>\n\n\n\n<p><a href=\"https:\/\/www.carrefour.sn\/\">https:\/\/www.carrefour.sn\/<\/a><\/p>\n\n\n\n<p><a href=\"https:\/\/www.facebook.com\/Carrefoursenegal.sn\/\">https:\/\/www.facebook.com\/Carrefoursenegal.sn\/<\/a><\/p>\n","protected":false},"excerpt":{"rendered":"<p>Dakar, le 29 octobre 2023&nbsp;: quatre ans jour pour jour apr\u00e8s son inauguration, le 30 octobre 2019, les \u00e9quipes de CFAO Consumer S\u00e9n\u00e9gal sont heureuses de r\u00e9ouvrir aujourd\u2019hui, le supermarch\u00e9 Supeco Golf et d\u2019annoncer la r\u00e9ouverture semaine prochaine, de celui de Gu\u00e9diawaye. La c\u00e9r\u00e9monie de r\u00e9ouverture s\u2019est tenue en pr\u00e9sence Jean-Christophe Brindeau, Directeur G\u00e9n\u00e9ral de [&hellip;]<\/p>\n","protected":false},"author":2,"featured_media":3130,"comment_status":"closed","ping_status":"closed","sticky":true,"template":"","format":"standard","meta":{"_acf_changed":false,"footnotes":""},"categories":[20,14],"tags":[60,61],"class_list":["post-3125","post","type-post","status-publish","format-standard","has-post-thumbnail","hentry","category-news","category-communique","tag-supeco","tag-suprmarche"],"pp_force_visibility":null,"pp_subpost_visibility":null,"pp_inherited_force_visibility":null,"pp_inherited_subpost_visibility":null,"acf":[],"yoast_head":"<!-- This site is optimized with the Yoast SEO plugin v25.2 - https:\/\/yoast.com\/wordpress\/plugins\/seo\/ -->\n<title>R\u00e9ouverture de 2 supermarch\u00e9 Supeco \u00e0 Dakar - Supeco<\/title>\n<meta name=\"robots\" content=\"index, follow, max-snippet:-1, max-image-preview:large, max-video-preview:-1\" \/>\n<link rel=\"canonical\" href=\"https:\/\/sbx82.cod.cc\/cfao\/supeco\/reouverture-de-2-supeco-a-dakar\/\" \/>\n<meta property=\"og:locale\" content=\"fr_FR\" \/>\n<meta property=\"og:type\" content=\"article\" \/>\n<meta property=\"og:title\" content=\"R\u00e9ouverture de 2 supermarch\u00e9 Supeco \u00e0 Dakar - Supeco\" \/>\n<meta property=\"og:description\" content=\"Dakar, le 29 octobre 2023&nbsp;: quatre ans jour pour jour apr\u00e8s son inauguration, le 30 octobre 2019, les \u00e9quipes de CFAO Consumer S\u00e9n\u00e9gal sont heureuses de r\u00e9ouvrir aujourd\u2019hui, le supermarch\u00e9 Supeco Golf et d\u2019annoncer la r\u00e9ouverture semaine prochaine, de celui de Gu\u00e9diawaye. La c\u00e9r\u00e9monie de r\u00e9ouverture s\u2019est tenue en pr\u00e9sence Jean-Christophe Brindeau, Directeur G\u00e9n\u00e9ral de [&hellip;]\" \/>\n<meta property=\"og:url\" content=\"https:\/\/sbx82.cod.cc\/cfao\/supeco\/reouverture-de-2-supeco-a-dakar\/\" \/>\n<meta property=\"og:site_name\" content=\"Supeco\" \/>\n<meta property=\"article:published_time\" content=\"2023-11-29T07:25:13+00:00\" \/>\n<meta property=\"article:modified_time\" content=\"2023-11-29T07:31:39+00:00\" \/>\n<meta property=\"og:image\" content=\"https:\/\/sbx82.cod.cc\/cfao\/supeco\/wp-content\/uploads\/2023\/11\/380Lx200H_supermarche_01_Plan-de-travail-1-scaled.jpg\" \/>\n\t<meta property=\"og:image:width\" content=\"2560\" \/>\n\t<meta property=\"og:image:height\" content=\"1354\" \/>\n\t<meta property=\"og:image:type\" content=\"image\/jpeg\" \/>\n<meta name=\"author\" content=\"Christine Calvez\" \/>\n<meta name=\"twitter:card\" content=\"summary_large_image\" \/>\n<meta name=\"twitter:label1\" content=\"\u00c9crit par\" \/>\n\t<meta name=\"twitter:data1\" content=\"Christine Calvez\" \/>\n\t<meta name=\"twitter:label2\" content=\"Dur\u00e9e de lecture estim\u00e9e\" \/>\n\t<meta name=\"twitter:data2\" content=\"4 minutes\" \/>\n<script type=\"application\/ld+json\" class=\"yoast-schema-graph\">{\"@context\":\"https:\/\/schema.org\",\"@graph\":[{\"@type\":\"Article\",\"@id\":\"https:\/\/sbx82.cod.cc\/cfao\/supeco\/reouverture-de-2-supeco-a-dakar\/#article\",\"isPartOf\":{\"@id\":\"https:\/\/sbx82.cod.cc\/cfao\/supeco\/reouverture-de-2-supeco-a-dakar\/\"},\"author\":{\"name\":\"Christine Calvez\",\"@id\":\"https:\/\/sbx82.cod.cc\/cfao\/supeco\/#\/schema\/person\/66601bd6800fb2547f4eee445abe10bb\"},\"headline\":\"R\u00e9ouverture de 2 supermarch\u00e9 Supeco \u00e0 Dakar\",\"datePublished\":\"2023-11-29T07:25:13+00:00\",\"dateModified\":\"2023-11-29T07:31:39+00:00\",\"mainEntityOfPage\":{\"@id\":\"https:\/\/sbx82.cod.cc\/cfao\/supeco\/reouverture-de-2-supeco-a-dakar\/\"},\"wordCount\":795,\"publisher\":{\"@id\":\"https:\/\/sbx82.cod.cc\/cfao\/supeco\/#organization\"},\"image\":{\"@id\":\"https:\/\/sbx82.cod.cc\/cfao\/supeco\/reouverture-de-2-supeco-a-dakar\/#primaryimage\"},\"thumbnailUrl\":\"https:\/\/sbx82.cod.cc\/cfao\/supeco\/wp-content\/uploads\/2023\/11\/380Lx200H_supermarche_01_Plan-de-travail-1-scaled.jpg\",\"keywords\":[\"Sup\u00e9co\",\"suprmarch\u00e9\"],\"articleSection\":[\"Actualit\u00e9s\",\"communiqu\u00e9 de presse\"],\"inLanguage\":\"fr-FR\"},{\"@type\":\"WebPage\",\"@id\":\"https:\/\/sbx82.cod.cc\/cfao\/supeco\/reouverture-de-2-supeco-a-dakar\/\",\"url\":\"https:\/\/sbx82.cod.cc\/cfao\/supeco\/reouverture-de-2-supeco-a-dakar\/\",\"name\":\"R\u00e9ouverture de 2 supermarch\u00e9 Supeco \u00e0 Dakar - Supeco\",\"isPartOf\":{\"@id\":\"https:\/\/sbx82.cod.cc\/cfao\/supeco\/#website\"},\"primaryImageOfPage\":{\"@id\":\"https:\/\/sbx82.cod.cc\/cfao\/supeco\/reouverture-de-2-supeco-a-dakar\/#primaryimage\"},\"image\":{\"@id\":\"https:\/\/sbx82.cod.cc\/cfao\/supeco\/reouverture-de-2-supeco-a-dakar\/#primaryimage\"},\"thumbnailUrl\":\"https:\/\/sbx82.cod.cc\/cfao\/supeco\/wp-content\/uploads\/2023\/11\/380Lx200H_supermarche_01_Plan-de-travail-1-scaled.jpg\",\"datePublished\":\"2023-11-29T07:25:13+00:00\",\"dateModified\":\"2023-11-29T07:31:39+00:00\",\"inLanguage\":\"fr-FR\",\"potentialAction\":[{\"@type\":\"ReadAction\",\"target\":[\"https:\/\/sbx82.cod.cc\/cfao\/supeco\/reouverture-de-2-supeco-a-dakar\/\"]}]},{\"@type\":\"ImageObject\",\"inLanguage\":\"fr-FR\",\"@id\":\"https:\/\/sbx82.cod.cc\/cfao\/supeco\/reouverture-de-2-supeco-a-dakar\/#primaryimage\",\"url\":\"https:\/\/sbx82.cod.cc\/cfao\/supeco\/wp-content\/uploads\/2023\/11\/380Lx200H_supermarche_01_Plan-de-travail-1-scaled.jpg\",\"contentUrl\":\"https:\/\/sbx82.cod.cc\/cfao\/supeco\/wp-content\/uploads\/2023\/11\/380Lx200H_supermarche_01_Plan-de-travail-1-scaled.jpg\",\"width\":2560,\"height\":1354,\"caption\":\"r\u00e9ouverture de deux supermarch\u00e9s supeco \u00e0 Dakar\"},{\"@type\":\"WebSite\",\"@id\":\"https:\/\/sbx82.cod.cc\/cfao\/supeco\/#website\",\"url\":\"https:\/\/sbx82.cod.cc\/cfao\/supeco\/\",\"name\":\"Supeco\",\"description\":\"Supermarch\u00e9 \u00e9conomique - permet de r\u00e9aliser des \u00e9conomies tous les jours\",\"publisher\":{\"@id\":\"https:\/\/sbx82.cod.cc\/cfao\/supeco\/#organization\"},\"potentialAction\":[{\"@type\":\"SearchAction\",\"target\":{\"@type\":\"EntryPoint\",\"urlTemplate\":\"https:\/\/sbx82.cod.cc\/cfao\/supeco\/?s={search_term_string}\"},\"query-input\":{\"@type\":\"PropertyValueSpecification\",\"valueRequired\":true,\"valueName\":\"search_term_string\"}}],\"inLanguage\":\"fr-FR\"},{\"@type\":\"Organization\",\"@id\":\"https:\/\/sbx82.cod.cc\/cfao\/supeco\/#organization\",\"name\":\"Supeco\",\"url\":\"https:\/\/sbx82.cod.cc\/cfao\/supeco\/\",\"logo\":{\"@type\":\"ImageObject\",\"inLanguage\":\"fr-FR\",\"@id\":\"https:\/\/sbx82.cod.cc\/cfao\/supeco\/#\/schema\/logo\/image\/\",\"url\":\"https:\/\/sbx82.cod.cc\/cfao\/supeco\/wp-content\/uploads\/2019\/03\/supeco-baseline-rectangle-logo.gif\",\"contentUrl\":\"https:\/\/sbx82.cod.cc\/cfao\/supeco\/wp-content\/uploads\/2019\/03\/supeco-baseline-rectangle-logo.gif\",\"width\":200,\"height\":73,\"caption\":\"Supeco\"},\"image\":{\"@id\":\"https:\/\/sbx82.cod.cc\/cfao\/supeco\/#\/schema\/logo\/image\/\"},\"sameAs\":[\"https:\/\/www.linkedin.com\/company\/28987507\/\"]},{\"@type\":\"Person\",\"@id\":\"https:\/\/sbx82.cod.cc\/cfao\/supeco\/#\/schema\/person\/66601bd6800fb2547f4eee445abe10bb\",\"name\":\"Christine Calvez\",\"image\":{\"@type\":\"ImageObject\",\"inLanguage\":\"fr-FR\",\"@id\":\"https:\/\/sbx82.cod.cc\/cfao\/supeco\/#\/schema\/person\/image\/\",\"url\":\"https:\/\/secure.gravatar.com\/avatar\/19d1c6312d74fc37040a2e397d7574bd47e0b45943d4f4303c9a2d046303ebcf?s=96&d=mm&r=g\",\"contentUrl\":\"https:\/\/secure.gravatar.com\/avatar\/19d1c6312d74fc37040a2e397d7574bd47e0b45943d4f4303c9a2d046303ebcf?s=96&d=mm&r=g\",\"caption\":\"Christine Calvez\"},\"url\":\"https:\/\/sbx82.cod.cc\/cfao\/supeco\/author\/ccalvezcfao-com\/\"}]}<\/script>\n<!-- \/ Yoast SEO plugin. -->","yoast_head_json":{"title":"R\u00e9ouverture de 2 supermarch\u00e9 Supeco \u00e0 Dakar - Supeco","robots":{"index":"index","follow":"follow","max-snippet":"max-snippet:-1","max-image-preview":"max-image-preview:large","max-video-preview":"max-video-preview:-1"},"canonical":"https:\/\/sbx82.cod.cc\/cfao\/supeco\/reouverture-de-2-supeco-a-dakar\/","og_locale":"fr_FR","og_type":"article","og_title":"R\u00e9ouverture de 2 supermarch\u00e9 Supeco \u00e0 Dakar - Supeco","og_description":"Dakar, le 29 octobre 2023&nbsp;: quatre ans jour pour jour apr\u00e8s son inauguration, le 30 octobre 2019, les \u00e9quipes de CFAO Consumer S\u00e9n\u00e9gal sont heureuses de r\u00e9ouvrir aujourd\u2019hui, le supermarch\u00e9 Supeco Golf et d\u2019annoncer la r\u00e9ouverture semaine prochaine, de celui de Gu\u00e9diawaye. La c\u00e9r\u00e9monie de r\u00e9ouverture s\u2019est tenue en pr\u00e9sence Jean-Christophe Brindeau, Directeur G\u00e9n\u00e9ral de [&hellip;]","og_url":"https:\/\/sbx82.cod.cc\/cfao\/supeco\/reouverture-de-2-supeco-a-dakar\/","og_site_name":"Supeco","article_published_time":"2023-11-29T07:25:13+00:00","article_modified_time":"2023-11-29T07:31:39+00:00","og_image":[{"width":2560,"height":1354,"url":"https:\/\/sbx82.cod.cc\/cfao\/supeco\/wp-content\/uploads\/2023\/11\/380Lx200H_supermarche_01_Plan-de-travail-1-scaled.jpg","type":"image\/jpeg"}],"author":"Christine Calvez","twitter_card":"summary_large_image","twitter_misc":{"\u00c9crit par":"Christine Calvez","Dur\u00e9e de lecture estim\u00e9e":"4 minutes"},"schema":{"@context":"https:\/\/schema.org","@graph":[{"@type":"Article","@id":"https:\/\/sbx82.cod.cc\/cfao\/supeco\/reouverture-de-2-supeco-a-dakar\/#article","isPartOf":{"@id":"https:\/\/sbx82.cod.cc\/cfao\/supeco\/reouverture-de-2-supeco-a-dakar\/"},"author":{"name":"Christine Calvez","@id":"https:\/\/sbx82.cod.cc\/cfao\/supeco\/#\/schema\/person\/66601bd6800fb2547f4eee445abe10bb"},"headline":"R\u00e9ouverture de 2 supermarch\u00e9 Supeco \u00e0 Dakar","datePublished":"2023-11-29T07:25:13+00:00","dateModified":"2023-11-29T07:31:39+00:00","mainEntityOfPage":{"@id":"https:\/\/sbx82.cod.cc\/cfao\/supeco\/reouverture-de-2-supeco-a-dakar\/"},"wordCount":795,"publisher":{"@id":"https:\/\/sbx82.cod.cc\/cfao\/supeco\/#organization"},"image":{"@id":"https:\/\/sbx82.cod.cc\/cfao\/supeco\/reouverture-de-2-supeco-a-dakar\/#primaryimage"},"thumbnailUrl":"https:\/\/sbx82.cod.cc\/cfao\/supeco\/wp-content\/uploads\/2023\/11\/380Lx200H_supermarche_01_Plan-de-travail-1-scaled.jpg","keywords":["Sup\u00e9co","suprmarch\u00e9"],"articleSection":["Actualit\u00e9s","communiqu\u00e9 de presse"],"inLanguage":"fr-FR"},{"@type":"WebPage","@id":"https:\/\/sbx82.cod.cc\/cfao\/supeco\/reouverture-de-2-supeco-a-dakar\/","url":"https:\/\/sbx82.cod.cc\/cfao\/supeco\/reouverture-de-2-supeco-a-dakar\/","name":"R\u00e9ouverture de 2 supermarch\u00e9 Supeco \u00e0 Dakar - Supeco","isPartOf":{"@id":"https:\/\/sbx82.cod.cc\/cfao\/supeco\/#website"},"primaryImageOfPage":{"@id":"https:\/\/sbx82.cod.cc\/cfao\/supeco\/reouverture-de-2-supeco-a-dakar\/#primaryimage"},"image":{"@id":"https:\/\/sbx82.cod.cc\/cfao\/supeco\/reouverture-de-2-supeco-a-dakar\/#primaryimage"},"thumbnailUrl":"https:\/\/sbx82.cod.cc\/cfao\/supeco\/wp-content\/uploads\/2023\/11\/380Lx200H_supermarche_01_Plan-de-travail-1-scaled.jpg","datePublished":"2023-11-29T07:25:13+00:00","dateModified":"2023-11-29T07:31:39+00:00","inLanguage":"fr-FR","potentialAction":[{"@type":"ReadAction","target":["https:\/\/sbx82.cod.cc\/cfao\/supeco\/reouverture-de-2-supeco-a-dakar\/"]}]},{"@type":"ImageObject","inLanguage":"fr-FR","@id":"https:\/\/sbx82.cod.cc\/cfao\/supeco\/reouverture-de-2-supeco-a-dakar\/#primaryimage","url":"https:\/\/sbx82.cod.cc\/cfao\/supeco\/wp-content\/uploads\/2023\/11\/380Lx200H_supermarche_01_Plan-de-travail-1-scaled.jpg","contentUrl":"https:\/\/sbx82.cod.cc\/cfao\/supeco\/wp-content\/uploads\/2023\/11\/380Lx200H_supermarche_01_Plan-de-travail-1-scaled.jpg","width":2560,"height":1354,"caption":"r\u00e9ouverture de deux supermarch\u00e9s supeco \u00e0 Dakar"},{"@type":"WebSite","@id":"https:\/\/sbx82.cod.cc\/cfao\/supeco\/#website","url":"https:\/\/sbx82.cod.cc\/cfao\/supeco\/","name":"Supeco","description":"Supermarch\u00e9 \u00e9conomique - permet de r\u00e9aliser des \u00e9conomies tous les jours","publisher":{"@id":"https:\/\/sbx82.cod.cc\/cfao\/supeco\/#organization"},"potentialAction":[{"@type":"SearchAction","target":{"@type":"EntryPoint","urlTemplate":"https:\/\/sbx82.cod.cc\/cfao\/supeco\/?s={search_term_string}"},"query-input":{"@type":"PropertyValueSpecification","valueRequired":true,"valueName":"search_term_string"}}],"inLanguage":"fr-FR"},{"@type":"Organization","@id":"https:\/\/sbx82.cod.cc\/cfao\/supeco\/#organization","name":"Supeco","url":"https:\/\/sbx82.cod.cc\/cfao\/supeco\/","logo":{"@type":"ImageObject","inLanguage":"fr-FR","@id":"https:\/\/sbx82.cod.cc\/cfao\/supeco\/#\/schema\/logo\/image\/","url":"https:\/\/sbx82.cod.cc\/cfao\/supeco\/wp-content\/uploads\/2019\/03\/supeco-baseline-rectangle-logo.gif","contentUrl":"https:\/\/sbx82.cod.cc\/cfao\/supeco\/wp-content\/uploads\/2019\/03\/supeco-baseline-rectangle-logo.gif","width":200,"height":73,"caption":"Supeco"},"image":{"@id":"https:\/\/sbx82.cod.cc\/cfao\/supeco\/#\/schema\/logo\/image\/"},"sameAs":["https:\/\/www.linkedin.com\/company\/28987507\/"]},{"@type":"Person","@id":"https:\/\/sbx82.cod.cc\/cfao\/supeco\/#\/schema\/person\/66601bd6800fb2547f4eee445abe10bb","name":"Christine Calvez","image":{"@type":"ImageObject","inLanguage":"fr-FR","@id":"https:\/\/sbx82.cod.cc\/cfao\/supeco\/#\/schema\/person\/image\/","url":"https:\/\/secure.gravatar.com\/avatar\/19d1c6312d74fc37040a2e397d7574bd47e0b45943d4f4303c9a2d046303ebcf?s=96&d=mm&r=g","contentUrl":"https:\/\/secure.gravatar.com\/avatar\/19d1c6312d74fc37040a2e397d7574bd47e0b45943d4f4303c9a2d046303ebcf?s=96&d=mm&r=g","caption":"Christine Calvez"},"url":"https:\/\/sbx82.cod.cc\/cfao\/supeco\/author\/ccalvezcfao-com\/"}]}},"_links":{"self":[{"href":"https:\/\/sbx82.cod.cc\/cfao\/supeco\/wp-json\/wp\/v2\/posts\/3125","targetHints":{"allow":["GET"]}}],"collection":[{"href":"https:\/\/sbx82.cod.cc\/cfao\/supeco\/wp-json\/wp\/v2\/posts"}],"about":[{"href":"https:\/\/sbx82.cod.cc\/cfao\/supeco\/wp-json\/wp\/v2\/types\/post"}],"author":[{"embeddable":true,"href":"https:\/\/sbx82.cod.cc\/cfao\/supeco\/wp-json\/wp\/v2\/users\/2"}],"replies":[{"embeddable":true,"href":"https:\/\/sbx82.cod.cc\/cfao\/supeco\/wp-json\/wp\/v2\/comments?post=3125"}],"version-history":[{"count":2,"href":"https:\/\/sbx82.cod.cc\/cfao\/supeco\/wp-json\/wp\/v2\/posts\/3125\/revisions"}],"predecessor-version":[{"id":3131,"href":"https:\/\/sbx82.cod.cc\/cfao\/supeco\/wp-json\/wp\/v2\/posts\/3125\/revisions\/3131"}],"wp:featuredmedia":[{"embeddable":true,"href":"https:\/\/sbx82.cod.cc\/cfao\/supeco\/wp-json\/wp\/v2\/media\/3130"}],"wp:attachment":[{"href":"https:\/\/sbx82.cod.cc\/cfao\/supeco\/wp-json\/wp\/v2\/media?parent=3125"}],"wp:term":[{"taxonomy":"category","embeddable":true,"href":"https:\/\/sbx82.cod.cc\/cfao\/supeco\/wp-json\/wp\/v2\/categories?post=3125"},{"taxonomy":"post_tag","embeddable":true,"href":"https:\/\/sbx82.cod.cc\/cfao\/supeco\/wp-json\/wp\/v2\/tags?post=3125"}],"curies":[{"name":"wp","href":"https:\/\/api.w.org\/{rel}","templated":true}]}}