{"id":2821,"date":"2023-01-18T16:55:00","date_gmt":"2023-01-18T15:55:00","guid":{"rendered":"https:\/\/sbx82.cod.cc\/cfao\/supeco\/?p=2821"},"modified":"2023-02-10T15:38:34","modified_gmt":"2023-02-10T14:38:34","slug":"supeco-pikine-est-ouvert","status":"publish","type":"post","link":"https:\/\/sbx82.cod.cc\/cfao\/supeco\/supeco-pikine-est-ouvert\/","title":{"rendered":"Supeco Pikine est ouvert !"},"content":{"rendered":"\n<p>Ce 18 janvier 2023, les \u00e9quipes de CFAO Consumer Retail au S\u00e9n\u00e9gal ont c\u00e9l\u00e9br\u00e9 l&rsquo;ouverture de leur magasin Supeco Pikine.<\/p>\n\n\n\n<p>7\u00e8me supermarch\u00e9 sous enseigne Supeco d\u00e9ploy\u00e9 par CFAO Consumer Retail et 3\u00e8me du nom au S\u00e9n\u00e9gal, Supeco Pikine reste fid\u00e8le aux concept Supeco mis en place au S\u00e9n\u00e9gal, Cameroun et en C\u00f4te d&rsquo;Ivoire.<\/p>\n\n\n\n<figure class=\"wp-block-image size-large is-resized\"><img decoding=\"async\" src=\"https:\/\/sbx82.cod.cc\/cfao\/supeco\/wp-content\/uploads\/2023\/01\/logos-baseline-carre_Plan-de-travail-1.jpg\" alt=\"\" class=\"wp-image-2828\" width=\"173\" height=\"173\" srcset=\"https:\/\/sbx82.cod.cc\/cfao\/supeco\/wp-content\/uploads\/2023\/01\/logos-baseline-carre_Plan-de-travail-1.jpg 600w, https:\/\/sbx82.cod.cc\/cfao\/supeco\/wp-content\/uploads\/2023\/01\/logos-baseline-carre_Plan-de-travail-1-300x300.jpg 300w, https:\/\/sbx82.cod.cc\/cfao\/supeco\/wp-content\/uploads\/2023\/01\/logos-baseline-carre_Plan-de-travail-1-150x150.jpg 150w\" sizes=\"(max-width: 173px) 100vw, 173px\" \/><\/figure>\n\n\n\n<figure class=\"wp-block-image size-large\"><img fetchpriority=\"high\" decoding=\"async\" width=\"1024\" height=\"768\" src=\"https:\/\/sbx82.cod.cc\/cfao\/supeco\/wp-content\/uploads\/2023\/02\/Supeco-Pikine-Senegal-1024x768.jpg\" alt=\"\" class=\"wp-image-2836\" srcset=\"https:\/\/sbx82.cod.cc\/cfao\/supeco\/wp-content\/uploads\/2023\/02\/Supeco-Pikine-Senegal-1024x768.jpg 1024w, https:\/\/sbx82.cod.cc\/cfao\/supeco\/wp-content\/uploads\/2023\/02\/Supeco-Pikine-Senegal-300x225.jpg 300w, https:\/\/sbx82.cod.cc\/cfao\/supeco\/wp-content\/uploads\/2023\/02\/Supeco-Pikine-Senegal-768x576.jpg 768w, https:\/\/sbx82.cod.cc\/cfao\/supeco\/wp-content\/uploads\/2023\/02\/Supeco-Pikine-Senegal.jpg 1280w\" sizes=\"(max-width: 1024px) 100vw, 1024px\" \/><\/figure>\n","protected":false},"excerpt":{"rendered":"<p>Ce 18 janvier 2023, les \u00e9quipes de CFAO Consumer Retail au S\u00e9n\u00e9gal ont c\u00e9l\u00e9br\u00e9 l&rsquo;ouverture de leur magasin Supeco Pikine. 7\u00e8me supermarch\u00e9 sous enseigne Supeco d\u00e9ploy\u00e9 par CFAO Consumer Retail et 3\u00e8me du nom au S\u00e9n\u00e9gal, Supeco Pikine reste fid\u00e8le aux concept Supeco mis en place au S\u00e9n\u00e9gal, Cameroun et en C\u00f4te d&rsquo;Ivoire.<\/p>\n","protected":false},"author":2,"featured_media":0,"comment_status":"closed","ping_status":"closed","sticky":true,"template":"","format":"standard","meta":{"_acf_changed":false,"footnotes":""},"categories":[20,14],"tags":[],"class_list":["post-2821","post","type-post","status-publish","format-standard","hentry","category-news","category-communique"],"pp_force_visibility":null,"pp_subpost_visibility":null,"pp_inherited_force_visibility":null,"pp_inherited_subpost_visibility":null,"acf":[],"yoast_head":"<!-- This site is optimized with the Yoast SEO plugin v25.2 - https:\/\/yoast.com\/wordpress\/plugins\/seo\/ -->\n<title>Supeco Pikine est ouvert ! - Supeco<\/title>\n<meta name=\"robots\" content=\"index, follow, max-snippet:-1, max-image-preview:large, max-video-preview:-1\" \/>\n<link rel=\"canonical\" href=\"https:\/\/sbx82.cod.cc\/cfao\/supeco\/supeco-pikine-est-ouvert\/\" \/>\n<meta property=\"og:locale\" content=\"fr_FR\" \/>\n<meta property=\"og:type\" content=\"article\" \/>\n<meta property=\"og:title\" content=\"Supeco Pikine est ouvert ! - Supeco\" \/>\n<meta property=\"og:description\" content=\"Ce 18 janvier 2023, les \u00e9quipes de CFAO Consumer Retail au S\u00e9n\u00e9gal ont c\u00e9l\u00e9br\u00e9 l&rsquo;ouverture de leur magasin Supeco Pikine. 7\u00e8me supermarch\u00e9 sous enseigne Supeco d\u00e9ploy\u00e9 par CFAO Consumer Retail et 3\u00e8me du nom au S\u00e9n\u00e9gal, Supeco Pikine reste fid\u00e8le aux concept Supeco mis en place au S\u00e9n\u00e9gal, Cameroun et en C\u00f4te d&rsquo;Ivoire.\" \/>\n<meta property=\"og:url\" content=\"https:\/\/sbx82.cod.cc\/cfao\/supeco\/supeco-pikine-est-ouvert\/\" \/>\n<meta property=\"og:site_name\" content=\"Supeco\" \/>\n<meta property=\"article:published_time\" content=\"2023-01-18T15:55:00+00:00\" \/>\n<meta property=\"article:modified_time\" content=\"2023-02-10T14:38:34+00:00\" \/>\n<meta property=\"og:image\" content=\"https:\/\/sbx82.cod.cc\/cfao\/supeco\/wp-content\/uploads\/2023\/01\/logos-baseline-carre_Plan-de-travail-1.jpg\" \/>\n<meta name=\"author\" content=\"Christine Calvez\" \/>\n<meta name=\"twitter:card\" content=\"summary_large_image\" \/>\n<meta name=\"twitter:label1\" content=\"\u00c9crit par\" \/>\n\t<meta name=\"twitter:data1\" content=\"Christine Calvez\" \/>\n\t<meta name=\"twitter:label2\" content=\"Dur\u00e9e de lecture estim\u00e9e\" \/>\n\t<meta name=\"twitter:data2\" content=\"1 minute\" \/>\n<script type=\"application\/ld+json\" class=\"yoast-schema-graph\">{\"@context\":\"https:\/\/schema.org\",\"@graph\":[{\"@type\":\"Article\",\"@id\":\"https:\/\/sbx82.cod.cc\/cfao\/supeco\/supeco-pikine-est-ouvert\/#article\",\"isPartOf\":{\"@id\":\"https:\/\/sbx82.cod.cc\/cfao\/supeco\/supeco-pikine-est-ouvert\/\"},\"author\":{\"name\":\"Christine Calvez\",\"@id\":\"https:\/\/sbx82.cod.cc\/cfao\/supeco\/#\/schema\/person\/66601bd6800fb2547f4eee445abe10bb\"},\"headline\":\"Supeco Pikine est ouvert !\",\"datePublished\":\"2023-01-18T15:55:00+00:00\",\"dateModified\":\"2023-02-10T14:38:34+00:00\",\"mainEntityOfPage\":{\"@id\":\"https:\/\/sbx82.cod.cc\/cfao\/supeco\/supeco-pikine-est-ouvert\/\"},\"wordCount\":68,\"publisher\":{\"@id\":\"https:\/\/sbx82.cod.cc\/cfao\/supeco\/#organization\"},\"image\":{\"@id\":\"https:\/\/sbx82.cod.cc\/cfao\/supeco\/supeco-pikine-est-ouvert\/#primaryimage\"},\"thumbnailUrl\":\"https:\/\/sbx82.cod.cc\/cfao\/supeco\/wp-content\/uploads\/2023\/01\/logos-baseline-carre_Plan-de-travail-1.jpg\",\"articleSection\":[\"Actualit\u00e9s\",\"communiqu\u00e9 de presse\"],\"inLanguage\":\"fr-FR\"},{\"@type\":\"WebPage\",\"@id\":\"https:\/\/sbx82.cod.cc\/cfao\/supeco\/supeco-pikine-est-ouvert\/\",\"url\":\"https:\/\/sbx82.cod.cc\/cfao\/supeco\/supeco-pikine-est-ouvert\/\",\"name\":\"Supeco Pikine est ouvert ! - Supeco\",\"isPartOf\":{\"@id\":\"https:\/\/sbx82.cod.cc\/cfao\/supeco\/#website\"},\"primaryImageOfPage\":{\"@id\":\"https:\/\/sbx82.cod.cc\/cfao\/supeco\/supeco-pikine-est-ouvert\/#primaryimage\"},\"image\":{\"@id\":\"https:\/\/sbx82.cod.cc\/cfao\/supeco\/supeco-pikine-est-ouvert\/#primaryimage\"},\"thumbnailUrl\":\"https:\/\/sbx82.cod.cc\/cfao\/supeco\/wp-content\/uploads\/2023\/01\/logos-baseline-carre_Plan-de-travail-1.jpg\",\"datePublished\":\"2023-01-18T15:55:00+00:00\",\"dateModified\":\"2023-02-10T14:38:34+00:00\",\"inLanguage\":\"fr-FR\",\"potentialAction\":[{\"@type\":\"ReadAction\",\"target\":[\"https:\/\/sbx82.cod.cc\/cfao\/supeco\/supeco-pikine-est-ouvert\/\"]}]},{\"@type\":\"ImageObject\",\"inLanguage\":\"fr-FR\",\"@id\":\"https:\/\/sbx82.cod.cc\/cfao\/supeco\/supeco-pikine-est-ouvert\/#primaryimage\",\"url\":\"https:\/\/sbx82.cod.cc\/cfao\/supeco\/wp-content\/uploads\/2023\/01\/logos-baseline-carre_Plan-de-travail-1.jpg\",\"contentUrl\":\"https:\/\/sbx82.cod.cc\/cfao\/supeco\/wp-content\/uploads\/2023\/01\/logos-baseline-carre_Plan-de-travail-1.jpg\",\"width\":600,\"height\":600},{\"@type\":\"WebSite\",\"@id\":\"https:\/\/sbx82.cod.cc\/cfao\/supeco\/#website\",\"url\":\"https:\/\/sbx82.cod.cc\/cfao\/supeco\/\",\"name\":\"Supeco\",\"description\":\"Supermarch\u00e9 \u00e9conomique - permet de r\u00e9aliser des \u00e9conomies tous les jours\",\"publisher\":{\"@id\":\"https:\/\/sbx82.cod.cc\/cfao\/supeco\/#organization\"},\"potentialAction\":[{\"@type\":\"SearchAction\",\"target\":{\"@type\":\"EntryPoint\",\"urlTemplate\":\"https:\/\/sbx82.cod.cc\/cfao\/supeco\/?s={search_term_string}\"},\"query-input\":{\"@type\":\"PropertyValueSpecification\",\"valueRequired\":true,\"valueName\":\"search_term_string\"}}],\"inLanguage\":\"fr-FR\"},{\"@type\":\"Organization\",\"@id\":\"https:\/\/sbx82.cod.cc\/cfao\/supeco\/#organization\",\"name\":\"Supeco\",\"url\":\"https:\/\/sbx82.cod.cc\/cfao\/supeco\/\",\"logo\":{\"@type\":\"ImageObject\",\"inLanguage\":\"fr-FR\",\"@id\":\"https:\/\/sbx82.cod.cc\/cfao\/supeco\/#\/schema\/logo\/image\/\",\"url\":\"https:\/\/sbx82.cod.cc\/cfao\/supeco\/wp-content\/uploads\/2019\/03\/supeco-baseline-rectangle-logo.gif\",\"contentUrl\":\"https:\/\/sbx82.cod.cc\/cfao\/supeco\/wp-content\/uploads\/2019\/03\/supeco-baseline-rectangle-logo.gif\",\"width\":200,\"height\":73,\"caption\":\"Supeco\"},\"image\":{\"@id\":\"https:\/\/sbx82.cod.cc\/cfao\/supeco\/#\/schema\/logo\/image\/\"},\"sameAs\":[\"https:\/\/www.linkedin.com\/company\/28987507\/\"]},{\"@type\":\"Person\",\"@id\":\"https:\/\/sbx82.cod.cc\/cfao\/supeco\/#\/schema\/person\/66601bd6800fb2547f4eee445abe10bb\",\"name\":\"Christine Calvez\",\"image\":{\"@type\":\"ImageObject\",\"inLanguage\":\"fr-FR\",\"@id\":\"https:\/\/sbx82.cod.cc\/cfao\/supeco\/#\/schema\/person\/image\/\",\"url\":\"https:\/\/secure.gravatar.com\/avatar\/19d1c6312d74fc37040a2e397d7574bd47e0b45943d4f4303c9a2d046303ebcf?s=96&d=mm&r=g\",\"contentUrl\":\"https:\/\/secure.gravatar.com\/avatar\/19d1c6312d74fc37040a2e397d7574bd47e0b45943d4f4303c9a2d046303ebcf?s=96&d=mm&r=g\",\"caption\":\"Christine Calvez\"},\"url\":\"https:\/\/sbx82.cod.cc\/cfao\/supeco\/author\/ccalvezcfao-com\/\"}]}<\/script>\n<!-- \/ Yoast SEO plugin. -->","yoast_head_json":{"title":"Supeco Pikine est ouvert ! - Supeco","robots":{"index":"index","follow":"follow","max-snippet":"max-snippet:-1","max-image-preview":"max-image-preview:large","max-video-preview":"max-video-preview:-1"},"canonical":"https:\/\/sbx82.cod.cc\/cfao\/supeco\/supeco-pikine-est-ouvert\/","og_locale":"fr_FR","og_type":"article","og_title":"Supeco Pikine est ouvert ! - Supeco","og_description":"Ce 18 janvier 2023, les \u00e9quipes de CFAO Consumer Retail au S\u00e9n\u00e9gal ont c\u00e9l\u00e9br\u00e9 l&rsquo;ouverture de leur magasin Supeco Pikine. 7\u00e8me supermarch\u00e9 sous enseigne Supeco d\u00e9ploy\u00e9 par CFAO Consumer Retail et 3\u00e8me du nom au S\u00e9n\u00e9gal, Supeco Pikine reste fid\u00e8le aux concept Supeco mis en place au S\u00e9n\u00e9gal, Cameroun et en C\u00f4te d&rsquo;Ivoire.","og_url":"https:\/\/sbx82.cod.cc\/cfao\/supeco\/supeco-pikine-est-ouvert\/","og_site_name":"Supeco","article_published_time":"2023-01-18T15:55:00+00:00","article_modified_time":"2023-02-10T14:38:34+00:00","og_image":[{"url":"https:\/\/sbx82.cod.cc\/cfao\/supeco\/wp-content\/uploads\/2023\/01\/logos-baseline-carre_Plan-de-travail-1.jpg","type":"","width":"","height":""}],"author":"Christine Calvez","twitter_card":"summary_large_image","twitter_misc":{"\u00c9crit par":"Christine Calvez","Dur\u00e9e de lecture estim\u00e9e":"1 minute"},"schema":{"@context":"https:\/\/schema.org","@graph":[{"@type":"Article","@id":"https:\/\/sbx82.cod.cc\/cfao\/supeco\/supeco-pikine-est-ouvert\/#article","isPartOf":{"@id":"https:\/\/sbx82.cod.cc\/cfao\/supeco\/supeco-pikine-est-ouvert\/"},"author":{"name":"Christine Calvez","@id":"https:\/\/sbx82.cod.cc\/cfao\/supeco\/#\/schema\/person\/66601bd6800fb2547f4eee445abe10bb"},"headline":"Supeco Pikine est ouvert !","datePublished":"2023-01-18T15:55:00+00:00","dateModified":"2023-02-10T14:38:34+00:00","mainEntityOfPage":{"@id":"https:\/\/sbx82.cod.cc\/cfao\/supeco\/supeco-pikine-est-ouvert\/"},"wordCount":68,"publisher":{"@id":"https:\/\/sbx82.cod.cc\/cfao\/supeco\/#organization"},"image":{"@id":"https:\/\/sbx82.cod.cc\/cfao\/supeco\/supeco-pikine-est-ouvert\/#primaryimage"},"thumbnailUrl":"https:\/\/sbx82.cod.cc\/cfao\/supeco\/wp-content\/uploads\/2023\/01\/logos-baseline-carre_Plan-de-travail-1.jpg","articleSection":["Actualit\u00e9s","communiqu\u00e9 de presse"],"inLanguage":"fr-FR"},{"@type":"WebPage","@id":"https:\/\/sbx82.cod.cc\/cfao\/supeco\/supeco-pikine-est-ouvert\/","url":"https:\/\/sbx82.cod.cc\/cfao\/supeco\/supeco-pikine-est-ouvert\/","name":"Supeco Pikine est ouvert ! - Supeco","isPartOf":{"@id":"https:\/\/sbx82.cod.cc\/cfao\/supeco\/#website"},"primaryImageOfPage":{"@id":"https:\/\/sbx82.cod.cc\/cfao\/supeco\/supeco-pikine-est-ouvert\/#primaryimage"},"image":{"@id":"https:\/\/sbx82.cod.cc\/cfao\/supeco\/supeco-pikine-est-ouvert\/#primaryimage"},"thumbnailUrl":"https:\/\/sbx82.cod.cc\/cfao\/supeco\/wp-content\/uploads\/2023\/01\/logos-baseline-carre_Plan-de-travail-1.jpg","datePublished":"2023-01-18T15:55:00+00:00","dateModified":"2023-02-10T14:38:34+00:00","inLanguage":"fr-FR","potentialAction":[{"@type":"ReadAction","target":["https:\/\/sbx82.cod.cc\/cfao\/supeco\/supeco-pikine-est-ouvert\/"]}]},{"@type":"ImageObject","inLanguage":"fr-FR","@id":"https:\/\/sbx82.cod.cc\/cfao\/supeco\/supeco-pikine-est-ouvert\/#primaryimage","url":"https:\/\/sbx82.cod.cc\/cfao\/supeco\/wp-content\/uploads\/2023\/01\/logos-baseline-carre_Plan-de-travail-1.jpg","contentUrl":"https:\/\/sbx82.cod.cc\/cfao\/supeco\/wp-content\/uploads\/2023\/01\/logos-baseline-carre_Plan-de-travail-1.jpg","width":600,"height":600},{"@type":"WebSite","@id":"https:\/\/sbx82.cod.cc\/cfao\/supeco\/#website","url":"https:\/\/sbx82.cod.cc\/cfao\/supeco\/","name":"Supeco","description":"Supermarch\u00e9 \u00e9conomique - permet de r\u00e9aliser des \u00e9conomies tous les jours","publisher":{"@id":"https:\/\/sbx82.cod.cc\/cfao\/supeco\/#organization"},"potentialAction":[{"@type":"SearchAction","target":{"@type":"EntryPoint","urlTemplate":"https:\/\/sbx82.cod.cc\/cfao\/supeco\/?s={search_term_string}"},"query-input":{"@type":"PropertyValueSpecification","valueRequired":true,"valueName":"search_term_string"}}],"inLanguage":"fr-FR"},{"@type":"Organization","@id":"https:\/\/sbx82.cod.cc\/cfao\/supeco\/#organization","name":"Supeco","url":"https:\/\/sbx82.cod.cc\/cfao\/supeco\/","logo":{"@type":"ImageObject","inLanguage":"fr-FR","@id":"https:\/\/sbx82.cod.cc\/cfao\/supeco\/#\/schema\/logo\/image\/","url":"https:\/\/sbx82.cod.cc\/cfao\/supeco\/wp-content\/uploads\/2019\/03\/supeco-baseline-rectangle-logo.gif","contentUrl":"https:\/\/sbx82.cod.cc\/cfao\/supeco\/wp-content\/uploads\/2019\/03\/supeco-baseline-rectangle-logo.gif","width":200,"height":73,"caption":"Supeco"},"image":{"@id":"https:\/\/sbx82.cod.cc\/cfao\/supeco\/#\/schema\/logo\/image\/"},"sameAs":["https:\/\/www.linkedin.com\/company\/28987507\/"]},{"@type":"Person","@id":"https:\/\/sbx82.cod.cc\/cfao\/supeco\/#\/schema\/person\/66601bd6800fb2547f4eee445abe10bb","name":"Christine Calvez","image":{"@type":"ImageObject","inLanguage":"fr-FR","@id":"https:\/\/sbx82.cod.cc\/cfao\/supeco\/#\/schema\/person\/image\/","url":"https:\/\/secure.gravatar.com\/avatar\/19d1c6312d74fc37040a2e397d7574bd47e0b45943d4f4303c9a2d046303ebcf?s=96&d=mm&r=g","contentUrl":"https:\/\/secure.gravatar.com\/avatar\/19d1c6312d74fc37040a2e397d7574bd47e0b45943d4f4303c9a2d046303ebcf?s=96&d=mm&r=g","caption":"Christine Calvez"},"url":"https:\/\/sbx82.cod.cc\/cfao\/supeco\/author\/ccalvezcfao-com\/"}]}},"_links":{"self":[{"href":"https:\/\/sbx82.cod.cc\/cfao\/supeco\/wp-json\/wp\/v2\/posts\/2821","targetHints":{"allow":["GET"]}}],"collection":[{"href":"https:\/\/sbx82.cod.cc\/cfao\/supeco\/wp-json\/wp\/v2\/posts"}],"about":[{"href":"https:\/\/sbx82.cod.cc\/cfao\/supeco\/wp-json\/wp\/v2\/types\/post"}],"author":[{"embeddable":true,"href":"https:\/\/sbx82.cod.cc\/cfao\/supeco\/wp-json\/wp\/v2\/users\/2"}],"replies":[{"embeddable":true,"href":"https:\/\/sbx82.cod.cc\/cfao\/supeco\/wp-json\/wp\/v2\/comments?post=2821"}],"version-history":[{"count":4,"href":"https:\/\/sbx82.cod.cc\/cfao\/supeco\/wp-json\/wp\/v2\/posts\/2821\/revisions"}],"predecessor-version":[{"id":2837,"href":"https:\/\/sbx82.cod.cc\/cfao\/supeco\/wp-json\/wp\/v2\/posts\/2821\/revisions\/2837"}],"wp:attachment":[{"href":"https:\/\/sbx82.cod.cc\/cfao\/supeco\/wp-json\/wp\/v2\/media?parent=2821"}],"wp:term":[{"taxonomy":"category","embeddable":true,"href":"https:\/\/sbx82.cod.cc\/cfao\/supeco\/wp-json\/wp\/v2\/categories?post=2821"},{"taxonomy":"post_tag","embeddable":true,"href":"https:\/\/sbx82.cod.cc\/cfao\/supeco\/wp-json\/wp\/v2\/tags?post=2821"}],"curies":[{"name":"wp","href":"https:\/\/api.w.org\/{rel}","templated":true}]}}