{"id":2775,"date":"2022-11-24T09:15:07","date_gmt":"2022-11-24T08:15:07","guid":{"rendered":"https:\/\/sbx82.cod.cc\/cfao\/supeco\/?p=2775"},"modified":"2022-11-24T17:55:49","modified_gmt":"2022-11-24T16:55:49","slug":"supeco-lenseigne-de-proximite-propose-les-prix-les-moins-chers-de-son-marche-et-ouvre-un-cinquieme-point-de-vente-a-abidjan-ce-24-novembre-2022","status":"publish","type":"post","link":"https:\/\/sbx82.cod.cc\/cfao\/supeco\/supeco-lenseigne-de-proximite-propose-les-prix-les-moins-chers-de-son-marche-et-ouvre-un-cinquieme-point-de-vente-a-abidjan-ce-24-novembre-2022\/","title":{"rendered":"Ouverture d&rsquo;un Supeco dans la commune d&rsquo;Abobo \u00e0 Abidjan"},"content":{"rendered":"\n<p><strong>Abobo, le 24 novembre 2022.<\/strong> Dix-huit mois apr\u00e8s l\u2019ouverture du premier Sup\u00e9co en C\u00f4te d\u2019Ivoire \u00e0 Yopougon dans le quartier de Niangon, Pascal Bordeaux, Directeur g\u00e9n\u00e9ral de CFAO Consumer Retail en C\u00f4te d\u2019Ivoire inaugure le cinqui\u00e8me supermarch\u00e9 Sup\u00e9co du pays dans la commune d\u2019Abobo.<\/p>\n\n\n\n<p>Lire le Communiqu\u00e9 de Presse <\/p>\n\n\n\n<div class=\"wp-block-file\"><a href=\"https:\/\/sbx82.cod.cc\/cfao\/supeco\/wp-content\/uploads\/2022\/11\/CP_Abobote_Nov22.pdf\">CP_Abobote_Nov22<\/a><a href=\"https:\/\/sbx82.cod.cc\/cfao\/supeco\/wp-content\/uploads\/2022\/11\/CP_Abobote_Nov22.pdf\" class=\"wp-block-file__button\" download>T\u00e9l\u00e9charger<\/a><\/div>\n\n\n\n<figure class=\"wp-block-image size-large\"><img fetchpriority=\"high\" decoding=\"async\" width=\"1024\" height=\"683\" src=\"https:\/\/sbx82.cod.cc\/cfao\/supeco\/wp-content\/uploads\/2022\/11\/IMG_3483-1024x683.jpg\" alt=\"\" class=\"wp-image-2784\" srcset=\"https:\/\/sbx82.cod.cc\/cfao\/supeco\/wp-content\/uploads\/2022\/11\/IMG_3483-1024x683.jpg 1024w, https:\/\/sbx82.cod.cc\/cfao\/supeco\/wp-content\/uploads\/2022\/11\/IMG_3483-300x200.jpg 300w, https:\/\/sbx82.cod.cc\/cfao\/supeco\/wp-content\/uploads\/2022\/11\/IMG_3483-768x512.jpg 768w, https:\/\/sbx82.cod.cc\/cfao\/supeco\/wp-content\/uploads\/2022\/11\/IMG_3483-1536x1024.jpg 1536w, https:\/\/sbx82.cod.cc\/cfao\/supeco\/wp-content\/uploads\/2022\/11\/IMG_3483-2048x1365.jpg 2048w\" sizes=\"(max-width: 1024px) 100vw, 1024px\" \/><\/figure>\n\n\n\n<figure class=\"wp-block-image size-large\"><img decoding=\"async\" width=\"1024\" height=\"768\" src=\"https:\/\/sbx82.cod.cc\/cfao\/supeco\/wp-content\/uploads\/2022\/11\/IMG-20221124-WA0019.jpg\" alt=\"\" class=\"wp-image-2786\" srcset=\"https:\/\/sbx82.cod.cc\/cfao\/supeco\/wp-content\/uploads\/2022\/11\/IMG-20221124-WA0019.jpg 1024w, https:\/\/sbx82.cod.cc\/cfao\/supeco\/wp-content\/uploads\/2022\/11\/IMG-20221124-WA0019-300x225.jpg 300w, https:\/\/sbx82.cod.cc\/cfao\/supeco\/wp-content\/uploads\/2022\/11\/IMG-20221124-WA0019-768x576.jpg 768w\" sizes=\"(max-width: 1024px) 100vw, 1024px\" \/><\/figure>\n","protected":false},"excerpt":{"rendered":"<p>Abobo, le 24 novembre 2022. Dix-huit mois apr\u00e8s l\u2019ouverture du premier Sup\u00e9co en C\u00f4te d\u2019Ivoire \u00e0 Yopougon dans le quartier de Niangon, Pascal Bordeaux, Directeur g\u00e9n\u00e9ral de CFAO Consumer Retail en C\u00f4te d\u2019Ivoire inaugure le cinqui\u00e8me supermarch\u00e9 Sup\u00e9co du pays dans la commune d\u2019Abobo. Lire le Communiqu\u00e9 de Presse<\/p>\n","protected":false},"author":2,"featured_media":2776,"comment_status":"closed","ping_status":"closed","sticky":true,"template":"","format":"standard","meta":{"_acf_changed":false,"footnotes":""},"categories":[20,14],"tags":[],"class_list":["post-2775","post","type-post","status-publish","format-standard","has-post-thumbnail","hentry","category-news","category-communique"],"pp_force_visibility":null,"pp_subpost_visibility":null,"pp_inherited_force_visibility":null,"pp_inherited_subpost_visibility":null,"acf":[],"yoast_head":"<!-- This site is optimized with the Yoast SEO plugin v25.2 - https:\/\/yoast.com\/wordpress\/plugins\/seo\/ -->\n<title>Ouverture d&#039;un Supeco dans la commune d&#039;Abobo \u00e0 Abidjan - Supeco<\/title>\n<meta name=\"description\" content=\"Supeco, l&#039;enseigne de proximit\u00e9, propose les prix les moins chers du march\u00e9 ivoirien et ouvre un cinqui\u00e8me supermarch\u00e9 dans la commune d&#039;Abobo \u00e0 Abidjan le 24 novembre 2022\" \/>\n<meta name=\"robots\" content=\"index, follow, max-snippet:-1, max-image-preview:large, max-video-preview:-1\" \/>\n<link rel=\"canonical\" href=\"https:\/\/sbx82.cod.cc\/cfao\/supeco\/supeco-lenseigne-de-proximite-propose-les-prix-les-moins-chers-de-son-marche-et-ouvre-un-cinquieme-point-de-vente-a-abidjan-ce-24-novembre-2022\/\" \/>\n<meta property=\"og:locale\" content=\"fr_FR\" \/>\n<meta property=\"og:type\" content=\"article\" \/>\n<meta property=\"og:title\" content=\"Ouverture d&#039;un Supeco dans la commune d&#039;Abobo \u00e0 Abidjan - Supeco\" \/>\n<meta property=\"og:description\" content=\"Supeco, l&#039;enseigne de proximit\u00e9, propose les prix les moins chers du march\u00e9 ivoirien et ouvre un cinqui\u00e8me supermarch\u00e9 dans la commune d&#039;Abobo \u00e0 Abidjan le 24 novembre 2022\" \/>\n<meta property=\"og:url\" content=\"https:\/\/sbx82.cod.cc\/cfao\/supeco\/supeco-lenseigne-de-proximite-propose-les-prix-les-moins-chers-de-son-marche-et-ouvre-un-cinquieme-point-de-vente-a-abidjan-ce-24-novembre-2022\/\" \/>\n<meta property=\"og:site_name\" content=\"Supeco\" \/>\n<meta property=\"article:published_time\" content=\"2022-11-24T08:15:07+00:00\" \/>\n<meta property=\"article:modified_time\" content=\"2022-11-24T16:55:49+00:00\" \/>\n<meta property=\"og:image\" content=\"https:\/\/sbx82.cod.cc\/cfao\/supeco\/wp-content\/uploads\/2022\/11\/LOGO-SUPECO-ABOBOTE_Plan-de-travail-1-copie-2.png\" \/>\n\t<meta property=\"og:image:width\" content=\"2467\" \/>\n\t<meta property=\"og:image:height\" content=\"2194\" \/>\n\t<meta property=\"og:image:type\" content=\"image\/png\" \/>\n<meta name=\"author\" content=\"Christine Calvez\" \/>\n<meta name=\"twitter:card\" content=\"summary_large_image\" \/>\n<meta name=\"twitter:label1\" content=\"\u00c9crit par\" \/>\n\t<meta name=\"twitter:data1\" content=\"Christine Calvez\" \/>\n\t<meta name=\"twitter:label2\" content=\"Dur\u00e9e de lecture estim\u00e9e\" \/>\n\t<meta name=\"twitter:data2\" content=\"1 minute\" \/>\n<script type=\"application\/ld+json\" class=\"yoast-schema-graph\">{\"@context\":\"https:\/\/schema.org\",\"@graph\":[{\"@type\":\"Article\",\"@id\":\"https:\/\/sbx82.cod.cc\/cfao\/supeco\/supeco-lenseigne-de-proximite-propose-les-prix-les-moins-chers-de-son-marche-et-ouvre-un-cinquieme-point-de-vente-a-abidjan-ce-24-novembre-2022\/#article\",\"isPartOf\":{\"@id\":\"https:\/\/sbx82.cod.cc\/cfao\/supeco\/supeco-lenseigne-de-proximite-propose-les-prix-les-moins-chers-de-son-marche-et-ouvre-un-cinquieme-point-de-vente-a-abidjan-ce-24-novembre-2022\/\"},\"author\":{\"name\":\"Christine Calvez\",\"@id\":\"https:\/\/sbx82.cod.cc\/cfao\/supeco\/#\/schema\/person\/66601bd6800fb2547f4eee445abe10bb\"},\"headline\":\"Ouverture d&rsquo;un Supeco dans la commune d&rsquo;Abobo \u00e0 Abidjan\",\"datePublished\":\"2022-11-24T08:15:07+00:00\",\"dateModified\":\"2022-11-24T16:55:49+00:00\",\"mainEntityOfPage\":{\"@id\":\"https:\/\/sbx82.cod.cc\/cfao\/supeco\/supeco-lenseigne-de-proximite-propose-les-prix-les-moins-chers-de-son-marche-et-ouvre-un-cinquieme-point-de-vente-a-abidjan-ce-24-novembre-2022\/\"},\"wordCount\":74,\"publisher\":{\"@id\":\"https:\/\/sbx82.cod.cc\/cfao\/supeco\/#organization\"},\"image\":{\"@id\":\"https:\/\/sbx82.cod.cc\/cfao\/supeco\/supeco-lenseigne-de-proximite-propose-les-prix-les-moins-chers-de-son-marche-et-ouvre-un-cinquieme-point-de-vente-a-abidjan-ce-24-novembre-2022\/#primaryimage\"},\"thumbnailUrl\":\"https:\/\/sbx82.cod.cc\/cfao\/supeco\/wp-content\/uploads\/2022\/11\/LOGO-SUPECO-ABOBOTE_Plan-de-travail-1-copie-2.png\",\"articleSection\":[\"Actualit\u00e9s\",\"communiqu\u00e9 de presse\"],\"inLanguage\":\"fr-FR\"},{\"@type\":\"WebPage\",\"@id\":\"https:\/\/sbx82.cod.cc\/cfao\/supeco\/supeco-lenseigne-de-proximite-propose-les-prix-les-moins-chers-de-son-marche-et-ouvre-un-cinquieme-point-de-vente-a-abidjan-ce-24-novembre-2022\/\",\"url\":\"https:\/\/sbx82.cod.cc\/cfao\/supeco\/supeco-lenseigne-de-proximite-propose-les-prix-les-moins-chers-de-son-marche-et-ouvre-un-cinquieme-point-de-vente-a-abidjan-ce-24-novembre-2022\/\",\"name\":\"Ouverture d'un Supeco dans la commune d'Abobo \u00e0 Abidjan - Supeco\",\"isPartOf\":{\"@id\":\"https:\/\/sbx82.cod.cc\/cfao\/supeco\/#website\"},\"primaryImageOfPage\":{\"@id\":\"https:\/\/sbx82.cod.cc\/cfao\/supeco\/supeco-lenseigne-de-proximite-propose-les-prix-les-moins-chers-de-son-marche-et-ouvre-un-cinquieme-point-de-vente-a-abidjan-ce-24-novembre-2022\/#primaryimage\"},\"image\":{\"@id\":\"https:\/\/sbx82.cod.cc\/cfao\/supeco\/supeco-lenseigne-de-proximite-propose-les-prix-les-moins-chers-de-son-marche-et-ouvre-un-cinquieme-point-de-vente-a-abidjan-ce-24-novembre-2022\/#primaryimage\"},\"thumbnailUrl\":\"https:\/\/sbx82.cod.cc\/cfao\/supeco\/wp-content\/uploads\/2022\/11\/LOGO-SUPECO-ABOBOTE_Plan-de-travail-1-copie-2.png\",\"datePublished\":\"2022-11-24T08:15:07+00:00\",\"dateModified\":\"2022-11-24T16:55:49+00:00\",\"description\":\"Supeco, l'enseigne de proximit\u00e9, propose les prix les moins chers du march\u00e9 ivoirien et ouvre un cinqui\u00e8me supermarch\u00e9 dans la commune d'Abobo \u00e0 Abidjan le 24 novembre 2022\",\"inLanguage\":\"fr-FR\",\"potentialAction\":[{\"@type\":\"ReadAction\",\"target\":[\"https:\/\/sbx82.cod.cc\/cfao\/supeco\/supeco-lenseigne-de-proximite-propose-les-prix-les-moins-chers-de-son-marche-et-ouvre-un-cinquieme-point-de-vente-a-abidjan-ce-24-novembre-2022\/\"]}]},{\"@type\":\"ImageObject\",\"inLanguage\":\"fr-FR\",\"@id\":\"https:\/\/sbx82.cod.cc\/cfao\/supeco\/supeco-lenseigne-de-proximite-propose-les-prix-les-moins-chers-de-son-marche-et-ouvre-un-cinquieme-point-de-vente-a-abidjan-ce-24-novembre-2022\/#primaryimage\",\"url\":\"https:\/\/sbx82.cod.cc\/cfao\/supeco\/wp-content\/uploads\/2022\/11\/LOGO-SUPECO-ABOBOTE_Plan-de-travail-1-copie-2.png\",\"contentUrl\":\"https:\/\/sbx82.cod.cc\/cfao\/supeco\/wp-content\/uploads\/2022\/11\/LOGO-SUPECO-ABOBOTE_Plan-de-travail-1-copie-2.png\",\"width\":2467,\"height\":2194,\"caption\":\"supermarch\u00e9 Supeco Abobot\u00e9 Abidjan\"},{\"@type\":\"WebSite\",\"@id\":\"https:\/\/sbx82.cod.cc\/cfao\/supeco\/#website\",\"url\":\"https:\/\/sbx82.cod.cc\/cfao\/supeco\/\",\"name\":\"Supeco\",\"description\":\"Supermarch\u00e9 \u00e9conomique - permet de r\u00e9aliser des \u00e9conomies tous les jours\",\"publisher\":{\"@id\":\"https:\/\/sbx82.cod.cc\/cfao\/supeco\/#organization\"},\"potentialAction\":[{\"@type\":\"SearchAction\",\"target\":{\"@type\":\"EntryPoint\",\"urlTemplate\":\"https:\/\/sbx82.cod.cc\/cfao\/supeco\/?s={search_term_string}\"},\"query-input\":{\"@type\":\"PropertyValueSpecification\",\"valueRequired\":true,\"valueName\":\"search_term_string\"}}],\"inLanguage\":\"fr-FR\"},{\"@type\":\"Organization\",\"@id\":\"https:\/\/sbx82.cod.cc\/cfao\/supeco\/#organization\",\"name\":\"Supeco\",\"url\":\"https:\/\/sbx82.cod.cc\/cfao\/supeco\/\",\"logo\":{\"@type\":\"ImageObject\",\"inLanguage\":\"fr-FR\",\"@id\":\"https:\/\/sbx82.cod.cc\/cfao\/supeco\/#\/schema\/logo\/image\/\",\"url\":\"https:\/\/sbx82.cod.cc\/cfao\/supeco\/wp-content\/uploads\/2019\/03\/supeco-baseline-rectangle-logo.gif\",\"contentUrl\":\"https:\/\/sbx82.cod.cc\/cfao\/supeco\/wp-content\/uploads\/2019\/03\/supeco-baseline-rectangle-logo.gif\",\"width\":200,\"height\":73,\"caption\":\"Supeco\"},\"image\":{\"@id\":\"https:\/\/sbx82.cod.cc\/cfao\/supeco\/#\/schema\/logo\/image\/\"},\"sameAs\":[\"https:\/\/www.linkedin.com\/company\/28987507\/\"]},{\"@type\":\"Person\",\"@id\":\"https:\/\/sbx82.cod.cc\/cfao\/supeco\/#\/schema\/person\/66601bd6800fb2547f4eee445abe10bb\",\"name\":\"Christine Calvez\",\"image\":{\"@type\":\"ImageObject\",\"inLanguage\":\"fr-FR\",\"@id\":\"https:\/\/sbx82.cod.cc\/cfao\/supeco\/#\/schema\/person\/image\/\",\"url\":\"https:\/\/secure.gravatar.com\/avatar\/19d1c6312d74fc37040a2e397d7574bd47e0b45943d4f4303c9a2d046303ebcf?s=96&d=mm&r=g\",\"contentUrl\":\"https:\/\/secure.gravatar.com\/avatar\/19d1c6312d74fc37040a2e397d7574bd47e0b45943d4f4303c9a2d046303ebcf?s=96&d=mm&r=g\",\"caption\":\"Christine Calvez\"},\"url\":\"https:\/\/sbx82.cod.cc\/cfao\/supeco\/author\/ccalvezcfao-com\/\"}]}<\/script>\n<!-- \/ Yoast SEO plugin. -->","yoast_head_json":{"title":"Ouverture d'un Supeco dans la commune d'Abobo \u00e0 Abidjan - Supeco","description":"Supeco, l'enseigne de proximit\u00e9, propose les prix les moins chers du march\u00e9 ivoirien et ouvre un cinqui\u00e8me supermarch\u00e9 dans la commune d'Abobo \u00e0 Abidjan le 24 novembre 2022","robots":{"index":"index","follow":"follow","max-snippet":"max-snippet:-1","max-image-preview":"max-image-preview:large","max-video-preview":"max-video-preview:-1"},"canonical":"https:\/\/sbx82.cod.cc\/cfao\/supeco\/supeco-lenseigne-de-proximite-propose-les-prix-les-moins-chers-de-son-marche-et-ouvre-un-cinquieme-point-de-vente-a-abidjan-ce-24-novembre-2022\/","og_locale":"fr_FR","og_type":"article","og_title":"Ouverture d'un Supeco dans la commune d'Abobo \u00e0 Abidjan - Supeco","og_description":"Supeco, l'enseigne de proximit\u00e9, propose les prix les moins chers du march\u00e9 ivoirien et ouvre un cinqui\u00e8me supermarch\u00e9 dans la commune d'Abobo \u00e0 Abidjan le 24 novembre 2022","og_url":"https:\/\/sbx82.cod.cc\/cfao\/supeco\/supeco-lenseigne-de-proximite-propose-les-prix-les-moins-chers-de-son-marche-et-ouvre-un-cinquieme-point-de-vente-a-abidjan-ce-24-novembre-2022\/","og_site_name":"Supeco","article_published_time":"2022-11-24T08:15:07+00:00","article_modified_time":"2022-11-24T16:55:49+00:00","og_image":[{"width":2467,"height":2194,"url":"https:\/\/sbx82.cod.cc\/cfao\/supeco\/wp-content\/uploads\/2022\/11\/LOGO-SUPECO-ABOBOTE_Plan-de-travail-1-copie-2.png","type":"image\/png"}],"author":"Christine Calvez","twitter_card":"summary_large_image","twitter_misc":{"\u00c9crit par":"Christine Calvez","Dur\u00e9e de lecture estim\u00e9e":"1 minute"},"schema":{"@context":"https:\/\/schema.org","@graph":[{"@type":"Article","@id":"https:\/\/sbx82.cod.cc\/cfao\/supeco\/supeco-lenseigne-de-proximite-propose-les-prix-les-moins-chers-de-son-marche-et-ouvre-un-cinquieme-point-de-vente-a-abidjan-ce-24-novembre-2022\/#article","isPartOf":{"@id":"https:\/\/sbx82.cod.cc\/cfao\/supeco\/supeco-lenseigne-de-proximite-propose-les-prix-les-moins-chers-de-son-marche-et-ouvre-un-cinquieme-point-de-vente-a-abidjan-ce-24-novembre-2022\/"},"author":{"name":"Christine Calvez","@id":"https:\/\/sbx82.cod.cc\/cfao\/supeco\/#\/schema\/person\/66601bd6800fb2547f4eee445abe10bb"},"headline":"Ouverture d&rsquo;un Supeco dans la commune d&rsquo;Abobo \u00e0 Abidjan","datePublished":"2022-11-24T08:15:07+00:00","dateModified":"2022-11-24T16:55:49+00:00","mainEntityOfPage":{"@id":"https:\/\/sbx82.cod.cc\/cfao\/supeco\/supeco-lenseigne-de-proximite-propose-les-prix-les-moins-chers-de-son-marche-et-ouvre-un-cinquieme-point-de-vente-a-abidjan-ce-24-novembre-2022\/"},"wordCount":74,"publisher":{"@id":"https:\/\/sbx82.cod.cc\/cfao\/supeco\/#organization"},"image":{"@id":"https:\/\/sbx82.cod.cc\/cfao\/supeco\/supeco-lenseigne-de-proximite-propose-les-prix-les-moins-chers-de-son-marche-et-ouvre-un-cinquieme-point-de-vente-a-abidjan-ce-24-novembre-2022\/#primaryimage"},"thumbnailUrl":"https:\/\/sbx82.cod.cc\/cfao\/supeco\/wp-content\/uploads\/2022\/11\/LOGO-SUPECO-ABOBOTE_Plan-de-travail-1-copie-2.png","articleSection":["Actualit\u00e9s","communiqu\u00e9 de presse"],"inLanguage":"fr-FR"},{"@type":"WebPage","@id":"https:\/\/sbx82.cod.cc\/cfao\/supeco\/supeco-lenseigne-de-proximite-propose-les-prix-les-moins-chers-de-son-marche-et-ouvre-un-cinquieme-point-de-vente-a-abidjan-ce-24-novembre-2022\/","url":"https:\/\/sbx82.cod.cc\/cfao\/supeco\/supeco-lenseigne-de-proximite-propose-les-prix-les-moins-chers-de-son-marche-et-ouvre-un-cinquieme-point-de-vente-a-abidjan-ce-24-novembre-2022\/","name":"Ouverture d'un Supeco dans la commune d'Abobo \u00e0 Abidjan - Supeco","isPartOf":{"@id":"https:\/\/sbx82.cod.cc\/cfao\/supeco\/#website"},"primaryImageOfPage":{"@id":"https:\/\/sbx82.cod.cc\/cfao\/supeco\/supeco-lenseigne-de-proximite-propose-les-prix-les-moins-chers-de-son-marche-et-ouvre-un-cinquieme-point-de-vente-a-abidjan-ce-24-novembre-2022\/#primaryimage"},"image":{"@id":"https:\/\/sbx82.cod.cc\/cfao\/supeco\/supeco-lenseigne-de-proximite-propose-les-prix-les-moins-chers-de-son-marche-et-ouvre-un-cinquieme-point-de-vente-a-abidjan-ce-24-novembre-2022\/#primaryimage"},"thumbnailUrl":"https:\/\/sbx82.cod.cc\/cfao\/supeco\/wp-content\/uploads\/2022\/11\/LOGO-SUPECO-ABOBOTE_Plan-de-travail-1-copie-2.png","datePublished":"2022-11-24T08:15:07+00:00","dateModified":"2022-11-24T16:55:49+00:00","description":"Supeco, l'enseigne de proximit\u00e9, propose les prix les moins chers du march\u00e9 ivoirien et ouvre un cinqui\u00e8me supermarch\u00e9 dans la commune d'Abobo \u00e0 Abidjan le 24 novembre 2022","inLanguage":"fr-FR","potentialAction":[{"@type":"ReadAction","target":["https:\/\/sbx82.cod.cc\/cfao\/supeco\/supeco-lenseigne-de-proximite-propose-les-prix-les-moins-chers-de-son-marche-et-ouvre-un-cinquieme-point-de-vente-a-abidjan-ce-24-novembre-2022\/"]}]},{"@type":"ImageObject","inLanguage":"fr-FR","@id":"https:\/\/sbx82.cod.cc\/cfao\/supeco\/supeco-lenseigne-de-proximite-propose-les-prix-les-moins-chers-de-son-marche-et-ouvre-un-cinquieme-point-de-vente-a-abidjan-ce-24-novembre-2022\/#primaryimage","url":"https:\/\/sbx82.cod.cc\/cfao\/supeco\/wp-content\/uploads\/2022\/11\/LOGO-SUPECO-ABOBOTE_Plan-de-travail-1-copie-2.png","contentUrl":"https:\/\/sbx82.cod.cc\/cfao\/supeco\/wp-content\/uploads\/2022\/11\/LOGO-SUPECO-ABOBOTE_Plan-de-travail-1-copie-2.png","width":2467,"height":2194,"caption":"supermarch\u00e9 Supeco Abobot\u00e9 Abidjan"},{"@type":"WebSite","@id":"https:\/\/sbx82.cod.cc\/cfao\/supeco\/#website","url":"https:\/\/sbx82.cod.cc\/cfao\/supeco\/","name":"Supeco","description":"Supermarch\u00e9 \u00e9conomique - permet de r\u00e9aliser des \u00e9conomies tous les jours","publisher":{"@id":"https:\/\/sbx82.cod.cc\/cfao\/supeco\/#organization"},"potentialAction":[{"@type":"SearchAction","target":{"@type":"EntryPoint","urlTemplate":"https:\/\/sbx82.cod.cc\/cfao\/supeco\/?s={search_term_string}"},"query-input":{"@type":"PropertyValueSpecification","valueRequired":true,"valueName":"search_term_string"}}],"inLanguage":"fr-FR"},{"@type":"Organization","@id":"https:\/\/sbx82.cod.cc\/cfao\/supeco\/#organization","name":"Supeco","url":"https:\/\/sbx82.cod.cc\/cfao\/supeco\/","logo":{"@type":"ImageObject","inLanguage":"fr-FR","@id":"https:\/\/sbx82.cod.cc\/cfao\/supeco\/#\/schema\/logo\/image\/","url":"https:\/\/sbx82.cod.cc\/cfao\/supeco\/wp-content\/uploads\/2019\/03\/supeco-baseline-rectangle-logo.gif","contentUrl":"https:\/\/sbx82.cod.cc\/cfao\/supeco\/wp-content\/uploads\/2019\/03\/supeco-baseline-rectangle-logo.gif","width":200,"height":73,"caption":"Supeco"},"image":{"@id":"https:\/\/sbx82.cod.cc\/cfao\/supeco\/#\/schema\/logo\/image\/"},"sameAs":["https:\/\/www.linkedin.com\/company\/28987507\/"]},{"@type":"Person","@id":"https:\/\/sbx82.cod.cc\/cfao\/supeco\/#\/schema\/person\/66601bd6800fb2547f4eee445abe10bb","name":"Christine Calvez","image":{"@type":"ImageObject","inLanguage":"fr-FR","@id":"https:\/\/sbx82.cod.cc\/cfao\/supeco\/#\/schema\/person\/image\/","url":"https:\/\/secure.gravatar.com\/avatar\/19d1c6312d74fc37040a2e397d7574bd47e0b45943d4f4303c9a2d046303ebcf?s=96&d=mm&r=g","contentUrl":"https:\/\/secure.gravatar.com\/avatar\/19d1c6312d74fc37040a2e397d7574bd47e0b45943d4f4303c9a2d046303ebcf?s=96&d=mm&r=g","caption":"Christine Calvez"},"url":"https:\/\/sbx82.cod.cc\/cfao\/supeco\/author\/ccalvezcfao-com\/"}]}},"_links":{"self":[{"href":"https:\/\/sbx82.cod.cc\/cfao\/supeco\/wp-json\/wp\/v2\/posts\/2775","targetHints":{"allow":["GET"]}}],"collection":[{"href":"https:\/\/sbx82.cod.cc\/cfao\/supeco\/wp-json\/wp\/v2\/posts"}],"about":[{"href":"https:\/\/sbx82.cod.cc\/cfao\/supeco\/wp-json\/wp\/v2\/types\/post"}],"author":[{"embeddable":true,"href":"https:\/\/sbx82.cod.cc\/cfao\/supeco\/wp-json\/wp\/v2\/users\/2"}],"replies":[{"embeddable":true,"href":"https:\/\/sbx82.cod.cc\/cfao\/supeco\/wp-json\/wp\/v2\/comments?post=2775"}],"version-history":[{"count":3,"href":"https:\/\/sbx82.cod.cc\/cfao\/supeco\/wp-json\/wp\/v2\/posts\/2775\/revisions"}],"predecessor-version":[{"id":2787,"href":"https:\/\/sbx82.cod.cc\/cfao\/supeco\/wp-json\/wp\/v2\/posts\/2775\/revisions\/2787"}],"wp:featuredmedia":[{"embeddable":true,"href":"https:\/\/sbx82.cod.cc\/cfao\/supeco\/wp-json\/wp\/v2\/media\/2776"}],"wp:attachment":[{"href":"https:\/\/sbx82.cod.cc\/cfao\/supeco\/wp-json\/wp\/v2\/media?parent=2775"}],"wp:term":[{"taxonomy":"category","embeddable":true,"href":"https:\/\/sbx82.cod.cc\/cfao\/supeco\/wp-json\/wp\/v2\/categories?post=2775"},{"taxonomy":"post_tag","embeddable":true,"href":"https:\/\/sbx82.cod.cc\/cfao\/supeco\/wp-json\/wp\/v2\/tags?post=2775"}],"curies":[{"name":"wp","href":"https:\/\/api.w.org\/{rel}","templated":true}]}}