{"id":2753,"date":"2022-10-11T09:37:26","date_gmt":"2022-10-11T07:37:26","guid":{"rendered":"https:\/\/sbx82.cod.cc\/cfao\/supeco\/?p=2753"},"modified":"2022-10-11T10:41:15","modified_gmt":"2022-10-11T08:41:15","slug":"cfao-consumer-retail-transforme-son-acquisition-a-abidjan-en-supeco","status":"publish","type":"post","link":"https:\/\/sbx82.cod.cc\/cfao\/supeco\/cfao-consumer-retail-transforme-son-acquisition-a-abidjan-en-supeco\/","title":{"rendered":"CFAO Consumer Retail transforme un ancien Leader Price en Supeco \u00e0 Abidjan"},"content":{"rendered":"\n<p><strong>Abidjan, le 11 octobre 2022 \u2013 CFAO Consumer Retail pr\u00e9sente son plan de transformation des points de vente dont il a fait l\u2019acquisition dans la capitale \u00e9conomique en juillet dernier.<\/strong><\/p>\n\n\n\n<p>L\u2019acquisition des fonds de commerce Leader Price r\u00e9alis\u00e9e en juillet 2022 permet \u00e0 CFAO Consumer Retail C\u00f4te d\u2019Ivoire d\u2019acc\u00e9l\u00e9rer le d\u00e9veloppement de son r\u00e9seau et de poursuivre son maillage de proximit\u00e9 puisque ces magasins sont situ\u00e9s \u00e0 des emplacements strat\u00e9giques de la capitale \u00e9conomique ivoirienne&nbsp;: Cocody Riviera, Cocody 2 Plateaux, Golf Ambassade, Zone 4.<\/p>\n\n\n\n<p>Un programme de transformation a \u00e9t\u00e9 imm\u00e9diatement mis en place par les \u00e9quipes de Pascal BORDEAUX, Directeur G\u00e9n\u00e9ral de CFAO Consumer Retail en C\u00f4te d\u2019Ivoire pour permettre \u00e0 ces supermarch\u00e9s de passer sous enseigne <strong>Carrefour<\/strong> ou <strong>Supeco<\/strong> dans les meilleurs d\u00e9lais. Courant Octobre, 3 des points de vente passeront sous enseigne Carrefour market tandis que <strong>le 3 novembre, l\u2019enseigne Supeco sera pos\u00e9e sur le supermarch\u00e9 de la zone 4, du centre commercial Square <\/strong>ce qui permettra \u00e0 CFAO Consumer Retail de proposer son mod\u00e8le de supermarch\u00e9 \u00e9conomique B2C et B2B dans un nouveau quartier d\u2019Abidjan.<\/p>\n\n\n\n<div class=\"wp-block-image\"><figure class=\"aligncenter size-large\"><img fetchpriority=\"high\" decoding=\"async\" width=\"338\" height=\"253\" src=\"https:\/\/sbx82.cod.cc\/cfao\/supeco\/wp-content\/uploads\/2022\/10\/image.png\" alt=\"\" class=\"wp-image-2754\" srcset=\"https:\/\/sbx82.cod.cc\/cfao\/supeco\/wp-content\/uploads\/2022\/10\/image.png 338w, https:\/\/sbx82.cod.cc\/cfao\/supeco\/wp-content\/uploads\/2022\/10\/image-300x225.png 300w\" sizes=\"(max-width: 338px) 100vw, 338px\" \/><\/figure><\/div>\n\n\n\n<p>Avec d\u00e9sormais deux centres commerciaux PlaYce Marcory et PlaYce Palmeraie, 1 hypermarch\u00e9 Carrefour, 7 supermarch\u00e9s Carrefour market et 4 supermarch\u00e9s Supeco, <strong>CFAO Consumer Retail C\u00f4te d\u2019Ivoire <\/strong>affirme sa position de key-player dans le paysage de la grande distribution abidjanaise o\u00f9 il d\u00e9veloppe des mod\u00e8les de supermarch\u00e9s adapt\u00e9s aux besoins des consommateurs ivoiriens.<\/p>\n\n\n\n<p>CFAO Consumer Retail compte d\u00e9sormais 920 collaborateurs en C\u00f4te d\u2019Ivoire dont pr\u00e8s d\u2019une centaine nouvellement int\u00e9gr\u00e9e. Ils ont b\u00e9n\u00e9fici\u00e9 d\u2019un cursus d\u2019int\u00e9gration et de 1500 heures de formation d\u00e9livr\u00e9e par les experts de CFAO Consumer Retail en C\u00f4te d\u2019Ivoire.&nbsp;<\/p>\n","protected":false},"excerpt":{"rendered":"<p>Abidjan, le 11 octobre 2022 \u2013 CFAO Consumer Retail pr\u00e9sente son plan de transformation des points de vente dont il a fait l\u2019acquisition dans la capitale \u00e9conomique en juillet dernier. L\u2019acquisition des fonds de commerce Leader Price r\u00e9alis\u00e9e en juillet 2022 permet \u00e0 CFAO Consumer Retail C\u00f4te d\u2019Ivoire d\u2019acc\u00e9l\u00e9rer le d\u00e9veloppement de son r\u00e9seau et [&hellip;]<\/p>\n","protected":false},"author":2,"featured_media":2757,"comment_status":"closed","ping_status":"closed","sticky":true,"template":"","format":"standard","meta":{"_acf_changed":false,"footnotes":""},"categories":[20,14],"tags":[],"class_list":["post-2753","post","type-post","status-publish","format-standard","has-post-thumbnail","hentry","category-news","category-communique"],"pp_force_visibility":null,"pp_subpost_visibility":null,"pp_inherited_force_visibility":null,"pp_inherited_subpost_visibility":null,"acf":[],"yoast_head":"<!-- This site is optimized with the Yoast SEO plugin v25.2 - https:\/\/yoast.com\/wordpress\/plugins\/seo\/ -->\n<title>CFAO Consumer Retail transforme un ancien Leader Price en Supeco \u00e0 Abidjan - Supeco<\/title>\n<meta name=\"description\" content=\"Un Supeco en zone 4 \u00e0 Abidjan, C\u00f4te d&#039;Ivoire\" \/>\n<meta name=\"robots\" content=\"index, follow, max-snippet:-1, max-image-preview:large, max-video-preview:-1\" \/>\n<link rel=\"canonical\" href=\"https:\/\/sbx82.cod.cc\/cfao\/supeco\/cfao-consumer-retail-transforme-son-acquisition-a-abidjan-en-supeco\/\" \/>\n<meta property=\"og:locale\" content=\"fr_FR\" \/>\n<meta property=\"og:type\" content=\"article\" \/>\n<meta property=\"og:title\" content=\"CFAO Consumer Retail transforme un ancien Leader Price en Supeco \u00e0 Abidjan - Supeco\" \/>\n<meta property=\"og:description\" content=\"Un Supeco en zone 4 \u00e0 Abidjan, C\u00f4te d&#039;Ivoire\" \/>\n<meta property=\"og:url\" content=\"https:\/\/sbx82.cod.cc\/cfao\/supeco\/cfao-consumer-retail-transforme-son-acquisition-a-abidjan-en-supeco\/\" \/>\n<meta property=\"og:site_name\" content=\"Supeco\" \/>\n<meta property=\"article:published_time\" content=\"2022-10-11T07:37:26+00:00\" \/>\n<meta property=\"article:modified_time\" content=\"2022-10-11T08:41:15+00:00\" \/>\n<meta property=\"og:image\" content=\"https:\/\/sbx82.cod.cc\/cfao\/supeco\/wp-content\/uploads\/2022\/10\/LP-SUPECO-scaled.jpg\" \/>\n\t<meta property=\"og:image:width\" content=\"2560\" \/>\n\t<meta property=\"og:image:height\" content=\"2143\" \/>\n\t<meta property=\"og:image:type\" content=\"image\/jpeg\" \/>\n<meta name=\"author\" content=\"Christine Calvez\" \/>\n<meta name=\"twitter:card\" content=\"summary_large_image\" \/>\n<meta name=\"twitter:label1\" content=\"\u00c9crit par\" \/>\n\t<meta name=\"twitter:data1\" content=\"Christine Calvez\" \/>\n\t<meta name=\"twitter:label2\" content=\"Dur\u00e9e de lecture estim\u00e9e\" \/>\n\t<meta name=\"twitter:data2\" content=\"2 minutes\" \/>\n<script type=\"application\/ld+json\" class=\"yoast-schema-graph\">{\"@context\":\"https:\/\/schema.org\",\"@graph\":[{\"@type\":\"Article\",\"@id\":\"https:\/\/sbx82.cod.cc\/cfao\/supeco\/cfao-consumer-retail-transforme-son-acquisition-a-abidjan-en-supeco\/#article\",\"isPartOf\":{\"@id\":\"https:\/\/sbx82.cod.cc\/cfao\/supeco\/cfao-consumer-retail-transforme-son-acquisition-a-abidjan-en-supeco\/\"},\"author\":{\"name\":\"Christine Calvez\",\"@id\":\"https:\/\/sbx82.cod.cc\/cfao\/supeco\/#\/schema\/person\/66601bd6800fb2547f4eee445abe10bb\"},\"headline\":\"CFAO Consumer Retail transforme un ancien Leader Price en Supeco \u00e0 Abidjan\",\"datePublished\":\"2022-10-11T07:37:26+00:00\",\"dateModified\":\"2022-10-11T08:41:15+00:00\",\"mainEntityOfPage\":{\"@id\":\"https:\/\/sbx82.cod.cc\/cfao\/supeco\/cfao-consumer-retail-transforme-son-acquisition-a-abidjan-en-supeco\/\"},\"wordCount\":317,\"publisher\":{\"@id\":\"https:\/\/sbx82.cod.cc\/cfao\/supeco\/#organization\"},\"image\":{\"@id\":\"https:\/\/sbx82.cod.cc\/cfao\/supeco\/cfao-consumer-retail-transforme-son-acquisition-a-abidjan-en-supeco\/#primaryimage\"},\"thumbnailUrl\":\"https:\/\/sbx82.cod.cc\/cfao\/supeco\/wp-content\/uploads\/2022\/10\/LP-SUPECO-scaled.jpg\",\"articleSection\":[\"Actualit\u00e9s\",\"communiqu\u00e9 de presse\"],\"inLanguage\":\"fr-FR\"},{\"@type\":\"WebPage\",\"@id\":\"https:\/\/sbx82.cod.cc\/cfao\/supeco\/cfao-consumer-retail-transforme-son-acquisition-a-abidjan-en-supeco\/\",\"url\":\"https:\/\/sbx82.cod.cc\/cfao\/supeco\/cfao-consumer-retail-transforme-son-acquisition-a-abidjan-en-supeco\/\",\"name\":\"CFAO Consumer Retail transforme un ancien Leader Price en Supeco \u00e0 Abidjan - Supeco\",\"isPartOf\":{\"@id\":\"https:\/\/sbx82.cod.cc\/cfao\/supeco\/#website\"},\"primaryImageOfPage\":{\"@id\":\"https:\/\/sbx82.cod.cc\/cfao\/supeco\/cfao-consumer-retail-transforme-son-acquisition-a-abidjan-en-supeco\/#primaryimage\"},\"image\":{\"@id\":\"https:\/\/sbx82.cod.cc\/cfao\/supeco\/cfao-consumer-retail-transforme-son-acquisition-a-abidjan-en-supeco\/#primaryimage\"},\"thumbnailUrl\":\"https:\/\/sbx82.cod.cc\/cfao\/supeco\/wp-content\/uploads\/2022\/10\/LP-SUPECO-scaled.jpg\",\"datePublished\":\"2022-10-11T07:37:26+00:00\",\"dateModified\":\"2022-10-11T08:41:15+00:00\",\"description\":\"Un Supeco en zone 4 \u00e0 Abidjan, C\u00f4te d'Ivoire\",\"inLanguage\":\"fr-FR\",\"potentialAction\":[{\"@type\":\"ReadAction\",\"target\":[\"https:\/\/sbx82.cod.cc\/cfao\/supeco\/cfao-consumer-retail-transforme-son-acquisition-a-abidjan-en-supeco\/\"]}]},{\"@type\":\"ImageObject\",\"inLanguage\":\"fr-FR\",\"@id\":\"https:\/\/sbx82.cod.cc\/cfao\/supeco\/cfao-consumer-retail-transforme-son-acquisition-a-abidjan-en-supeco\/#primaryimage\",\"url\":\"https:\/\/sbx82.cod.cc\/cfao\/supeco\/wp-content\/uploads\/2022\/10\/LP-SUPECO-scaled.jpg\",\"contentUrl\":\"https:\/\/sbx82.cod.cc\/cfao\/supeco\/wp-content\/uploads\/2022\/10\/LP-SUPECO-scaled.jpg\",\"width\":2560,\"height\":2143,\"caption\":\"Supeco Square remplace Leader Price \u00e0 Abidjan\"},{\"@type\":\"WebSite\",\"@id\":\"https:\/\/sbx82.cod.cc\/cfao\/supeco\/#website\",\"url\":\"https:\/\/sbx82.cod.cc\/cfao\/supeco\/\",\"name\":\"Supeco\",\"description\":\"Supermarch\u00e9 \u00e9conomique - permet de r\u00e9aliser des \u00e9conomies tous les jours\",\"publisher\":{\"@id\":\"https:\/\/sbx82.cod.cc\/cfao\/supeco\/#organization\"},\"potentialAction\":[{\"@type\":\"SearchAction\",\"target\":{\"@type\":\"EntryPoint\",\"urlTemplate\":\"https:\/\/sbx82.cod.cc\/cfao\/supeco\/?s={search_term_string}\"},\"query-input\":{\"@type\":\"PropertyValueSpecification\",\"valueRequired\":true,\"valueName\":\"search_term_string\"}}],\"inLanguage\":\"fr-FR\"},{\"@type\":\"Organization\",\"@id\":\"https:\/\/sbx82.cod.cc\/cfao\/supeco\/#organization\",\"name\":\"Supeco\",\"url\":\"https:\/\/sbx82.cod.cc\/cfao\/supeco\/\",\"logo\":{\"@type\":\"ImageObject\",\"inLanguage\":\"fr-FR\",\"@id\":\"https:\/\/sbx82.cod.cc\/cfao\/supeco\/#\/schema\/logo\/image\/\",\"url\":\"https:\/\/sbx82.cod.cc\/cfao\/supeco\/wp-content\/uploads\/2019\/03\/supeco-baseline-rectangle-logo.gif\",\"contentUrl\":\"https:\/\/sbx82.cod.cc\/cfao\/supeco\/wp-content\/uploads\/2019\/03\/supeco-baseline-rectangle-logo.gif\",\"width\":200,\"height\":73,\"caption\":\"Supeco\"},\"image\":{\"@id\":\"https:\/\/sbx82.cod.cc\/cfao\/supeco\/#\/schema\/logo\/image\/\"},\"sameAs\":[\"https:\/\/www.linkedin.com\/company\/28987507\/\"]},{\"@type\":\"Person\",\"@id\":\"https:\/\/sbx82.cod.cc\/cfao\/supeco\/#\/schema\/person\/66601bd6800fb2547f4eee445abe10bb\",\"name\":\"Christine Calvez\",\"image\":{\"@type\":\"ImageObject\",\"inLanguage\":\"fr-FR\",\"@id\":\"https:\/\/sbx82.cod.cc\/cfao\/supeco\/#\/schema\/person\/image\/\",\"url\":\"https:\/\/secure.gravatar.com\/avatar\/19d1c6312d74fc37040a2e397d7574bd47e0b45943d4f4303c9a2d046303ebcf?s=96&d=mm&r=g\",\"contentUrl\":\"https:\/\/secure.gravatar.com\/avatar\/19d1c6312d74fc37040a2e397d7574bd47e0b45943d4f4303c9a2d046303ebcf?s=96&d=mm&r=g\",\"caption\":\"Christine Calvez\"},\"url\":\"https:\/\/sbx82.cod.cc\/cfao\/supeco\/author\/ccalvezcfao-com\/\"}]}<\/script>\n<!-- \/ Yoast SEO plugin. -->","yoast_head_json":{"title":"CFAO Consumer Retail transforme un ancien Leader Price en Supeco \u00e0 Abidjan - Supeco","description":"Un Supeco en zone 4 \u00e0 Abidjan, C\u00f4te d'Ivoire","robots":{"index":"index","follow":"follow","max-snippet":"max-snippet:-1","max-image-preview":"max-image-preview:large","max-video-preview":"max-video-preview:-1"},"canonical":"https:\/\/sbx82.cod.cc\/cfao\/supeco\/cfao-consumer-retail-transforme-son-acquisition-a-abidjan-en-supeco\/","og_locale":"fr_FR","og_type":"article","og_title":"CFAO Consumer Retail transforme un ancien Leader Price en Supeco \u00e0 Abidjan - Supeco","og_description":"Un Supeco en zone 4 \u00e0 Abidjan, C\u00f4te d'Ivoire","og_url":"https:\/\/sbx82.cod.cc\/cfao\/supeco\/cfao-consumer-retail-transforme-son-acquisition-a-abidjan-en-supeco\/","og_site_name":"Supeco","article_published_time":"2022-10-11T07:37:26+00:00","article_modified_time":"2022-10-11T08:41:15+00:00","og_image":[{"width":2560,"height":2143,"url":"https:\/\/sbx82.cod.cc\/cfao\/supeco\/wp-content\/uploads\/2022\/10\/LP-SUPECO-scaled.jpg","type":"image\/jpeg"}],"author":"Christine Calvez","twitter_card":"summary_large_image","twitter_misc":{"\u00c9crit par":"Christine Calvez","Dur\u00e9e de lecture estim\u00e9e":"2 minutes"},"schema":{"@context":"https:\/\/schema.org","@graph":[{"@type":"Article","@id":"https:\/\/sbx82.cod.cc\/cfao\/supeco\/cfao-consumer-retail-transforme-son-acquisition-a-abidjan-en-supeco\/#article","isPartOf":{"@id":"https:\/\/sbx82.cod.cc\/cfao\/supeco\/cfao-consumer-retail-transforme-son-acquisition-a-abidjan-en-supeco\/"},"author":{"name":"Christine Calvez","@id":"https:\/\/sbx82.cod.cc\/cfao\/supeco\/#\/schema\/person\/66601bd6800fb2547f4eee445abe10bb"},"headline":"CFAO Consumer Retail transforme un ancien Leader Price en Supeco \u00e0 Abidjan","datePublished":"2022-10-11T07:37:26+00:00","dateModified":"2022-10-11T08:41:15+00:00","mainEntityOfPage":{"@id":"https:\/\/sbx82.cod.cc\/cfao\/supeco\/cfao-consumer-retail-transforme-son-acquisition-a-abidjan-en-supeco\/"},"wordCount":317,"publisher":{"@id":"https:\/\/sbx82.cod.cc\/cfao\/supeco\/#organization"},"image":{"@id":"https:\/\/sbx82.cod.cc\/cfao\/supeco\/cfao-consumer-retail-transforme-son-acquisition-a-abidjan-en-supeco\/#primaryimage"},"thumbnailUrl":"https:\/\/sbx82.cod.cc\/cfao\/supeco\/wp-content\/uploads\/2022\/10\/LP-SUPECO-scaled.jpg","articleSection":["Actualit\u00e9s","communiqu\u00e9 de presse"],"inLanguage":"fr-FR"},{"@type":"WebPage","@id":"https:\/\/sbx82.cod.cc\/cfao\/supeco\/cfao-consumer-retail-transforme-son-acquisition-a-abidjan-en-supeco\/","url":"https:\/\/sbx82.cod.cc\/cfao\/supeco\/cfao-consumer-retail-transforme-son-acquisition-a-abidjan-en-supeco\/","name":"CFAO Consumer Retail transforme un ancien Leader Price en Supeco \u00e0 Abidjan - Supeco","isPartOf":{"@id":"https:\/\/sbx82.cod.cc\/cfao\/supeco\/#website"},"primaryImageOfPage":{"@id":"https:\/\/sbx82.cod.cc\/cfao\/supeco\/cfao-consumer-retail-transforme-son-acquisition-a-abidjan-en-supeco\/#primaryimage"},"image":{"@id":"https:\/\/sbx82.cod.cc\/cfao\/supeco\/cfao-consumer-retail-transforme-son-acquisition-a-abidjan-en-supeco\/#primaryimage"},"thumbnailUrl":"https:\/\/sbx82.cod.cc\/cfao\/supeco\/wp-content\/uploads\/2022\/10\/LP-SUPECO-scaled.jpg","datePublished":"2022-10-11T07:37:26+00:00","dateModified":"2022-10-11T08:41:15+00:00","description":"Un Supeco en zone 4 \u00e0 Abidjan, C\u00f4te d'Ivoire","inLanguage":"fr-FR","potentialAction":[{"@type":"ReadAction","target":["https:\/\/sbx82.cod.cc\/cfao\/supeco\/cfao-consumer-retail-transforme-son-acquisition-a-abidjan-en-supeco\/"]}]},{"@type":"ImageObject","inLanguage":"fr-FR","@id":"https:\/\/sbx82.cod.cc\/cfao\/supeco\/cfao-consumer-retail-transforme-son-acquisition-a-abidjan-en-supeco\/#primaryimage","url":"https:\/\/sbx82.cod.cc\/cfao\/supeco\/wp-content\/uploads\/2022\/10\/LP-SUPECO-scaled.jpg","contentUrl":"https:\/\/sbx82.cod.cc\/cfao\/supeco\/wp-content\/uploads\/2022\/10\/LP-SUPECO-scaled.jpg","width":2560,"height":2143,"caption":"Supeco Square remplace Leader Price \u00e0 Abidjan"},{"@type":"WebSite","@id":"https:\/\/sbx82.cod.cc\/cfao\/supeco\/#website","url":"https:\/\/sbx82.cod.cc\/cfao\/supeco\/","name":"Supeco","description":"Supermarch\u00e9 \u00e9conomique - permet de r\u00e9aliser des \u00e9conomies tous les jours","publisher":{"@id":"https:\/\/sbx82.cod.cc\/cfao\/supeco\/#organization"},"potentialAction":[{"@type":"SearchAction","target":{"@type":"EntryPoint","urlTemplate":"https:\/\/sbx82.cod.cc\/cfao\/supeco\/?s={search_term_string}"},"query-input":{"@type":"PropertyValueSpecification","valueRequired":true,"valueName":"search_term_string"}}],"inLanguage":"fr-FR"},{"@type":"Organization","@id":"https:\/\/sbx82.cod.cc\/cfao\/supeco\/#organization","name":"Supeco","url":"https:\/\/sbx82.cod.cc\/cfao\/supeco\/","logo":{"@type":"ImageObject","inLanguage":"fr-FR","@id":"https:\/\/sbx82.cod.cc\/cfao\/supeco\/#\/schema\/logo\/image\/","url":"https:\/\/sbx82.cod.cc\/cfao\/supeco\/wp-content\/uploads\/2019\/03\/supeco-baseline-rectangle-logo.gif","contentUrl":"https:\/\/sbx82.cod.cc\/cfao\/supeco\/wp-content\/uploads\/2019\/03\/supeco-baseline-rectangle-logo.gif","width":200,"height":73,"caption":"Supeco"},"image":{"@id":"https:\/\/sbx82.cod.cc\/cfao\/supeco\/#\/schema\/logo\/image\/"},"sameAs":["https:\/\/www.linkedin.com\/company\/28987507\/"]},{"@type":"Person","@id":"https:\/\/sbx82.cod.cc\/cfao\/supeco\/#\/schema\/person\/66601bd6800fb2547f4eee445abe10bb","name":"Christine Calvez","image":{"@type":"ImageObject","inLanguage":"fr-FR","@id":"https:\/\/sbx82.cod.cc\/cfao\/supeco\/#\/schema\/person\/image\/","url":"https:\/\/secure.gravatar.com\/avatar\/19d1c6312d74fc37040a2e397d7574bd47e0b45943d4f4303c9a2d046303ebcf?s=96&d=mm&r=g","contentUrl":"https:\/\/secure.gravatar.com\/avatar\/19d1c6312d74fc37040a2e397d7574bd47e0b45943d4f4303c9a2d046303ebcf?s=96&d=mm&r=g","caption":"Christine Calvez"},"url":"https:\/\/sbx82.cod.cc\/cfao\/supeco\/author\/ccalvezcfao-com\/"}]}},"_links":{"self":[{"href":"https:\/\/sbx82.cod.cc\/cfao\/supeco\/wp-json\/wp\/v2\/posts\/2753","targetHints":{"allow":["GET"]}}],"collection":[{"href":"https:\/\/sbx82.cod.cc\/cfao\/supeco\/wp-json\/wp\/v2\/posts"}],"about":[{"href":"https:\/\/sbx82.cod.cc\/cfao\/supeco\/wp-json\/wp\/v2\/types\/post"}],"author":[{"embeddable":true,"href":"https:\/\/sbx82.cod.cc\/cfao\/supeco\/wp-json\/wp\/v2\/users\/2"}],"replies":[{"embeddable":true,"href":"https:\/\/sbx82.cod.cc\/cfao\/supeco\/wp-json\/wp\/v2\/comments?post=2753"}],"version-history":[{"count":4,"href":"https:\/\/sbx82.cod.cc\/cfao\/supeco\/wp-json\/wp\/v2\/posts\/2753\/revisions"}],"predecessor-version":[{"id":2761,"href":"https:\/\/sbx82.cod.cc\/cfao\/supeco\/wp-json\/wp\/v2\/posts\/2753\/revisions\/2761"}],"wp:featuredmedia":[{"embeddable":true,"href":"https:\/\/sbx82.cod.cc\/cfao\/supeco\/wp-json\/wp\/v2\/media\/2757"}],"wp:attachment":[{"href":"https:\/\/sbx82.cod.cc\/cfao\/supeco\/wp-json\/wp\/v2\/media?parent=2753"}],"wp:term":[{"taxonomy":"category","embeddable":true,"href":"https:\/\/sbx82.cod.cc\/cfao\/supeco\/wp-json\/wp\/v2\/categories?post=2753"},{"taxonomy":"post_tag","embeddable":true,"href":"https:\/\/sbx82.cod.cc\/cfao\/supeco\/wp-json\/wp\/v2\/tags?post=2753"}],"curies":[{"name":"wp","href":"https:\/\/api.w.org\/{rel}","templated":true}]}}