{"id":2556,"date":"2022-03-04T18:21:21","date_gmt":"2022-03-04T17:21:21","guid":{"rendered":"https:\/\/sbx82.cod.cc\/cfao\/supeco\/?p=2556"},"modified":"2023-06-13T11:33:24","modified_gmt":"2023-06-13T09:33:24","slug":"vous-etes-a-douala-le-6-mars-prochain-venez-celebrer-les-femmes-avec-supeco-akwa-dubai-a-loccasion-de-le-journee-internationale-des-droits-de-la-femme-le-8-mars-2022-cfao-retail-et-supeco-prenne","status":"publish","type":"post","link":"https:\/\/sbx82.cod.cc\/cfao\/supeco\/vous-etes-a-douala-le-6-mars-prochain-venez-celebrer-les-femmes-avec-supeco-akwa-dubai-a-loccasion-de-le-journee-internationale-des-droits-de-la-femme-le-8-mars-2022-cfao-retail-et-supeco-prenne\/","title":{"rendered":"Vous \u00eates \u00e0 Douala le 6 mars prochain ?"},"content":{"rendered":"\n<p>Rendez-vous sur le parking de <strong>Sup\u00e9co Akwa Dubai<\/strong> pour une matin\u00e9e sportive et de nombreuses surprises !<\/p>\n\n\n\n<figure class=\"wp-block-image size-large\"><img fetchpriority=\"high\" decoding=\"async\" width=\"605\" height=\"432\" src=\"https:\/\/sbx82.cod.cc\/cfao\/supeco\/wp-content\/uploads\/2022\/03\/8-mars-2022.jpg\" alt=\"\" class=\"wp-image-2557\" srcset=\"https:\/\/sbx82.cod.cc\/cfao\/supeco\/wp-content\/uploads\/2022\/03\/8-mars-2022.jpg 605w, https:\/\/sbx82.cod.cc\/cfao\/supeco\/wp-content\/uploads\/2022\/03\/8-mars-2022-300x214.jpg 300w\" sizes=\"(max-width: 605px) 100vw, 605px\" \/><\/figure>\n\n\n\n<p>Animations : <\/p>\n\n\n\n<ul class=\"wp-block-list\"><li>fitness<\/li><li>tir \u00e0 la corde, <\/li><li>technique de d\u00e9fenses&nbsp;avec une association des femmes pratiquantes des arts martiaux et sports de combats<\/li><\/ul>\n\n\n\n<p>Prise de parole du responsable du magasin Sup\u00e9co qui conviera les femmes pr\u00e9sentes une visite&nbsp;guid\u00e9e du supermarch\u00e9.<\/p>\n","protected":false},"excerpt":{"rendered":"<p>Rendez-vous sur le parking de Sup\u00e9co Akwa Dubai pour une matin\u00e9e sportive et de nombreuses surprises ! Animations : fitness tir \u00e0 la corde, technique de d\u00e9fenses&nbsp;avec une association des femmes pratiquantes des arts martiaux et sports de combats Prise de parole du responsable du magasin Sup\u00e9co qui conviera les femmes pr\u00e9sentes une visite&nbsp;guid\u00e9e du [&hellip;]<\/p>\n","protected":false},"author":2,"featured_media":0,"comment_status":"closed","ping_status":"closed","sticky":false,"template":"","format":"standard","meta":{"_acf_changed":false,"footnotes":""},"categories":[20],"tags":[],"class_list":["post-2556","post","type-post","status-publish","format-standard","hentry","category-news"],"pp_force_visibility":null,"pp_subpost_visibility":null,"pp_inherited_force_visibility":null,"pp_inherited_subpost_visibility":null,"acf":[],"yoast_head":"<!-- This site is optimized with the Yoast SEO plugin v25.2 - https:\/\/yoast.com\/wordpress\/plugins\/seo\/ -->\n<title>Vous \u00eates \u00e0 Douala le 6 mars prochain ? - Supeco<\/title>\n<meta name=\"description\" content=\"8 mars 2022, CFAO Retail et son magasin Supeco de Douala au Cameroun propose aux femmes de participer \u00e0 une matin\u00e9e sportive et r\u00e9cr\u00e9ative\" \/>\n<meta name=\"robots\" content=\"index, follow, max-snippet:-1, max-image-preview:large, max-video-preview:-1\" \/>\n<link rel=\"canonical\" href=\"https:\/\/sbx82.cod.cc\/cfao\/supeco\/vous-etes-a-douala-le-6-mars-prochain-venez-celebrer-les-femmes-avec-supeco-akwa-dubai-a-loccasion-de-le-journee-internationale-des-droits-de-la-femme-le-8-mars-2022-cfao-retail-et-supeco-prenne\/\" \/>\n<meta property=\"og:locale\" content=\"fr_FR\" \/>\n<meta property=\"og:type\" content=\"article\" \/>\n<meta property=\"og:title\" content=\"Vous \u00eates \u00e0 Douala le 6 mars prochain ? - Supeco\" \/>\n<meta property=\"og:description\" content=\"8 mars 2022, CFAO Retail et son magasin Supeco de Douala au Cameroun propose aux femmes de participer \u00e0 une matin\u00e9e sportive et r\u00e9cr\u00e9ative\" \/>\n<meta property=\"og:url\" content=\"https:\/\/sbx82.cod.cc\/cfao\/supeco\/vous-etes-a-douala-le-6-mars-prochain-venez-celebrer-les-femmes-avec-supeco-akwa-dubai-a-loccasion-de-le-journee-internationale-des-droits-de-la-femme-le-8-mars-2022-cfao-retail-et-supeco-prenne\/\" \/>\n<meta property=\"og:site_name\" content=\"Supeco\" \/>\n<meta property=\"article:published_time\" content=\"2022-03-04T17:21:21+00:00\" \/>\n<meta property=\"article:modified_time\" content=\"2023-06-13T09:33:24+00:00\" \/>\n<meta property=\"og:image\" content=\"https:\/\/sbx82.cod.cc\/cfao\/supeco\/wp-content\/uploads\/2022\/03\/8-mars-2022.jpg\" \/>\n<meta name=\"author\" content=\"Christine Calvez\" \/>\n<meta name=\"twitter:card\" content=\"summary_large_image\" \/>\n<meta name=\"twitter:label1\" content=\"\u00c9crit par\" \/>\n\t<meta name=\"twitter:data1\" content=\"Christine Calvez\" \/>\n\t<meta name=\"twitter:label2\" content=\"Dur\u00e9e de lecture estim\u00e9e\" \/>\n\t<meta name=\"twitter:data2\" content=\"1 minute\" \/>\n<script type=\"application\/ld+json\" class=\"yoast-schema-graph\">{\"@context\":\"https:\/\/schema.org\",\"@graph\":[{\"@type\":\"Article\",\"@id\":\"https:\/\/sbx82.cod.cc\/cfao\/supeco\/vous-etes-a-douala-le-6-mars-prochain-venez-celebrer-les-femmes-avec-supeco-akwa-dubai-a-loccasion-de-le-journee-internationale-des-droits-de-la-femme-le-8-mars-2022-cfao-retail-et-supeco-prenne\/#article\",\"isPartOf\":{\"@id\":\"https:\/\/sbx82.cod.cc\/cfao\/supeco\/vous-etes-a-douala-le-6-mars-prochain-venez-celebrer-les-femmes-avec-supeco-akwa-dubai-a-loccasion-de-le-journee-internationale-des-droits-de-la-femme-le-8-mars-2022-cfao-retail-et-supeco-prenne\/\"},\"author\":{\"name\":\"Christine Calvez\",\"@id\":\"https:\/\/sbx82.cod.cc\/cfao\/supeco\/#\/schema\/person\/66601bd6800fb2547f4eee445abe10bb\"},\"headline\":\"Vous \u00eates \u00e0 Douala le 6 mars prochain ?\",\"datePublished\":\"2022-03-04T17:21:21+00:00\",\"dateModified\":\"2023-06-13T09:33:24+00:00\",\"mainEntityOfPage\":{\"@id\":\"https:\/\/sbx82.cod.cc\/cfao\/supeco\/vous-etes-a-douala-le-6-mars-prochain-venez-celebrer-les-femmes-avec-supeco-akwa-dubai-a-loccasion-de-le-journee-internationale-des-droits-de-la-femme-le-8-mars-2022-cfao-retail-et-supeco-prenne\/\"},\"wordCount\":69,\"publisher\":{\"@id\":\"https:\/\/sbx82.cod.cc\/cfao\/supeco\/#organization\"},\"image\":{\"@id\":\"https:\/\/sbx82.cod.cc\/cfao\/supeco\/vous-etes-a-douala-le-6-mars-prochain-venez-celebrer-les-femmes-avec-supeco-akwa-dubai-a-loccasion-de-le-journee-internationale-des-droits-de-la-femme-le-8-mars-2022-cfao-retail-et-supeco-prenne\/#primaryimage\"},\"thumbnailUrl\":\"https:\/\/sbx82.cod.cc\/cfao\/supeco\/wp-content\/uploads\/2022\/03\/8-mars-2022.jpg\",\"articleSection\":[\"Actualit\u00e9s\"],\"inLanguage\":\"fr-FR\"},{\"@type\":\"WebPage\",\"@id\":\"https:\/\/sbx82.cod.cc\/cfao\/supeco\/vous-etes-a-douala-le-6-mars-prochain-venez-celebrer-les-femmes-avec-supeco-akwa-dubai-a-loccasion-de-le-journee-internationale-des-droits-de-la-femme-le-8-mars-2022-cfao-retail-et-supeco-prenne\/\",\"url\":\"https:\/\/sbx82.cod.cc\/cfao\/supeco\/vous-etes-a-douala-le-6-mars-prochain-venez-celebrer-les-femmes-avec-supeco-akwa-dubai-a-loccasion-de-le-journee-internationale-des-droits-de-la-femme-le-8-mars-2022-cfao-retail-et-supeco-prenne\/\",\"name\":\"Vous \u00eates \u00e0 Douala le 6 mars prochain ? - Supeco\",\"isPartOf\":{\"@id\":\"https:\/\/sbx82.cod.cc\/cfao\/supeco\/#website\"},\"primaryImageOfPage\":{\"@id\":\"https:\/\/sbx82.cod.cc\/cfao\/supeco\/vous-etes-a-douala-le-6-mars-prochain-venez-celebrer-les-femmes-avec-supeco-akwa-dubai-a-loccasion-de-le-journee-internationale-des-droits-de-la-femme-le-8-mars-2022-cfao-retail-et-supeco-prenne\/#primaryimage\"},\"image\":{\"@id\":\"https:\/\/sbx82.cod.cc\/cfao\/supeco\/vous-etes-a-douala-le-6-mars-prochain-venez-celebrer-les-femmes-avec-supeco-akwa-dubai-a-loccasion-de-le-journee-internationale-des-droits-de-la-femme-le-8-mars-2022-cfao-retail-et-supeco-prenne\/#primaryimage\"},\"thumbnailUrl\":\"https:\/\/sbx82.cod.cc\/cfao\/supeco\/wp-content\/uploads\/2022\/03\/8-mars-2022.jpg\",\"datePublished\":\"2022-03-04T17:21:21+00:00\",\"dateModified\":\"2023-06-13T09:33:24+00:00\",\"description\":\"8 mars 2022, CFAO Retail et son magasin Supeco de Douala au Cameroun propose aux femmes de participer \u00e0 une matin\u00e9e sportive et r\u00e9cr\u00e9ative\",\"inLanguage\":\"fr-FR\",\"potentialAction\":[{\"@type\":\"ReadAction\",\"target\":[\"https:\/\/sbx82.cod.cc\/cfao\/supeco\/vous-etes-a-douala-le-6-mars-prochain-venez-celebrer-les-femmes-avec-supeco-akwa-dubai-a-loccasion-de-le-journee-internationale-des-droits-de-la-femme-le-8-mars-2022-cfao-retail-et-supeco-prenne\/\"]}]},{\"@type\":\"ImageObject\",\"inLanguage\":\"fr-FR\",\"@id\":\"https:\/\/sbx82.cod.cc\/cfao\/supeco\/vous-etes-a-douala-le-6-mars-prochain-venez-celebrer-les-femmes-avec-supeco-akwa-dubai-a-loccasion-de-le-journee-internationale-des-droits-de-la-femme-le-8-mars-2022-cfao-retail-et-supeco-prenne\/#primaryimage\",\"url\":\"https:\/\/sbx82.cod.cc\/cfao\/supeco\/wp-content\/uploads\/2022\/03\/8-mars-2022.jpg\",\"contentUrl\":\"https:\/\/sbx82.cod.cc\/cfao\/supeco\/wp-content\/uploads\/2022\/03\/8-mars-2022.jpg\",\"width\":605,\"height\":432},{\"@type\":\"WebSite\",\"@id\":\"https:\/\/sbx82.cod.cc\/cfao\/supeco\/#website\",\"url\":\"https:\/\/sbx82.cod.cc\/cfao\/supeco\/\",\"name\":\"Supeco\",\"description\":\"Supermarch\u00e9 \u00e9conomique - permet de r\u00e9aliser des \u00e9conomies tous les jours\",\"publisher\":{\"@id\":\"https:\/\/sbx82.cod.cc\/cfao\/supeco\/#organization\"},\"potentialAction\":[{\"@type\":\"SearchAction\",\"target\":{\"@type\":\"EntryPoint\",\"urlTemplate\":\"https:\/\/sbx82.cod.cc\/cfao\/supeco\/?s={search_term_string}\"},\"query-input\":{\"@type\":\"PropertyValueSpecification\",\"valueRequired\":true,\"valueName\":\"search_term_string\"}}],\"inLanguage\":\"fr-FR\"},{\"@type\":\"Organization\",\"@id\":\"https:\/\/sbx82.cod.cc\/cfao\/supeco\/#organization\",\"name\":\"Supeco\",\"url\":\"https:\/\/sbx82.cod.cc\/cfao\/supeco\/\",\"logo\":{\"@type\":\"ImageObject\",\"inLanguage\":\"fr-FR\",\"@id\":\"https:\/\/sbx82.cod.cc\/cfao\/supeco\/#\/schema\/logo\/image\/\",\"url\":\"https:\/\/sbx82.cod.cc\/cfao\/supeco\/wp-content\/uploads\/2019\/03\/supeco-baseline-rectangle-logo.gif\",\"contentUrl\":\"https:\/\/sbx82.cod.cc\/cfao\/supeco\/wp-content\/uploads\/2019\/03\/supeco-baseline-rectangle-logo.gif\",\"width\":200,\"height\":73,\"caption\":\"Supeco\"},\"image\":{\"@id\":\"https:\/\/sbx82.cod.cc\/cfao\/supeco\/#\/schema\/logo\/image\/\"},\"sameAs\":[\"https:\/\/www.linkedin.com\/company\/28987507\/\"]},{\"@type\":\"Person\",\"@id\":\"https:\/\/sbx82.cod.cc\/cfao\/supeco\/#\/schema\/person\/66601bd6800fb2547f4eee445abe10bb\",\"name\":\"Christine Calvez\",\"image\":{\"@type\":\"ImageObject\",\"inLanguage\":\"fr-FR\",\"@id\":\"https:\/\/sbx82.cod.cc\/cfao\/supeco\/#\/schema\/person\/image\/\",\"url\":\"https:\/\/secure.gravatar.com\/avatar\/19d1c6312d74fc37040a2e397d7574bd47e0b45943d4f4303c9a2d046303ebcf?s=96&d=mm&r=g\",\"contentUrl\":\"https:\/\/secure.gravatar.com\/avatar\/19d1c6312d74fc37040a2e397d7574bd47e0b45943d4f4303c9a2d046303ebcf?s=96&d=mm&r=g\",\"caption\":\"Christine Calvez\"},\"url\":\"https:\/\/sbx82.cod.cc\/cfao\/supeco\/author\/ccalvezcfao-com\/\"}]}<\/script>\n<!-- \/ Yoast SEO plugin. -->","yoast_head_json":{"title":"Vous \u00eates \u00e0 Douala le 6 mars prochain ? - Supeco","description":"8 mars 2022, CFAO Retail et son magasin Supeco de Douala au Cameroun propose aux femmes de participer \u00e0 une matin\u00e9e sportive et r\u00e9cr\u00e9ative","robots":{"index":"index","follow":"follow","max-snippet":"max-snippet:-1","max-image-preview":"max-image-preview:large","max-video-preview":"max-video-preview:-1"},"canonical":"https:\/\/sbx82.cod.cc\/cfao\/supeco\/vous-etes-a-douala-le-6-mars-prochain-venez-celebrer-les-femmes-avec-supeco-akwa-dubai-a-loccasion-de-le-journee-internationale-des-droits-de-la-femme-le-8-mars-2022-cfao-retail-et-supeco-prenne\/","og_locale":"fr_FR","og_type":"article","og_title":"Vous \u00eates \u00e0 Douala le 6 mars prochain ? - Supeco","og_description":"8 mars 2022, CFAO Retail et son magasin Supeco de Douala au Cameroun propose aux femmes de participer \u00e0 une matin\u00e9e sportive et r\u00e9cr\u00e9ative","og_url":"https:\/\/sbx82.cod.cc\/cfao\/supeco\/vous-etes-a-douala-le-6-mars-prochain-venez-celebrer-les-femmes-avec-supeco-akwa-dubai-a-loccasion-de-le-journee-internationale-des-droits-de-la-femme-le-8-mars-2022-cfao-retail-et-supeco-prenne\/","og_site_name":"Supeco","article_published_time":"2022-03-04T17:21:21+00:00","article_modified_time":"2023-06-13T09:33:24+00:00","og_image":[{"url":"https:\/\/sbx82.cod.cc\/cfao\/supeco\/wp-content\/uploads\/2022\/03\/8-mars-2022.jpg","type":"","width":"","height":""}],"author":"Christine Calvez","twitter_card":"summary_large_image","twitter_misc":{"\u00c9crit par":"Christine Calvez","Dur\u00e9e de lecture estim\u00e9e":"1 minute"},"schema":{"@context":"https:\/\/schema.org","@graph":[{"@type":"Article","@id":"https:\/\/sbx82.cod.cc\/cfao\/supeco\/vous-etes-a-douala-le-6-mars-prochain-venez-celebrer-les-femmes-avec-supeco-akwa-dubai-a-loccasion-de-le-journee-internationale-des-droits-de-la-femme-le-8-mars-2022-cfao-retail-et-supeco-prenne\/#article","isPartOf":{"@id":"https:\/\/sbx82.cod.cc\/cfao\/supeco\/vous-etes-a-douala-le-6-mars-prochain-venez-celebrer-les-femmes-avec-supeco-akwa-dubai-a-loccasion-de-le-journee-internationale-des-droits-de-la-femme-le-8-mars-2022-cfao-retail-et-supeco-prenne\/"},"author":{"name":"Christine Calvez","@id":"https:\/\/sbx82.cod.cc\/cfao\/supeco\/#\/schema\/person\/66601bd6800fb2547f4eee445abe10bb"},"headline":"Vous \u00eates \u00e0 Douala le 6 mars prochain ?","datePublished":"2022-03-04T17:21:21+00:00","dateModified":"2023-06-13T09:33:24+00:00","mainEntityOfPage":{"@id":"https:\/\/sbx82.cod.cc\/cfao\/supeco\/vous-etes-a-douala-le-6-mars-prochain-venez-celebrer-les-femmes-avec-supeco-akwa-dubai-a-loccasion-de-le-journee-internationale-des-droits-de-la-femme-le-8-mars-2022-cfao-retail-et-supeco-prenne\/"},"wordCount":69,"publisher":{"@id":"https:\/\/sbx82.cod.cc\/cfao\/supeco\/#organization"},"image":{"@id":"https:\/\/sbx82.cod.cc\/cfao\/supeco\/vous-etes-a-douala-le-6-mars-prochain-venez-celebrer-les-femmes-avec-supeco-akwa-dubai-a-loccasion-de-le-journee-internationale-des-droits-de-la-femme-le-8-mars-2022-cfao-retail-et-supeco-prenne\/#primaryimage"},"thumbnailUrl":"https:\/\/sbx82.cod.cc\/cfao\/supeco\/wp-content\/uploads\/2022\/03\/8-mars-2022.jpg","articleSection":["Actualit\u00e9s"],"inLanguage":"fr-FR"},{"@type":"WebPage","@id":"https:\/\/sbx82.cod.cc\/cfao\/supeco\/vous-etes-a-douala-le-6-mars-prochain-venez-celebrer-les-femmes-avec-supeco-akwa-dubai-a-loccasion-de-le-journee-internationale-des-droits-de-la-femme-le-8-mars-2022-cfao-retail-et-supeco-prenne\/","url":"https:\/\/sbx82.cod.cc\/cfao\/supeco\/vous-etes-a-douala-le-6-mars-prochain-venez-celebrer-les-femmes-avec-supeco-akwa-dubai-a-loccasion-de-le-journee-internationale-des-droits-de-la-femme-le-8-mars-2022-cfao-retail-et-supeco-prenne\/","name":"Vous \u00eates \u00e0 Douala le 6 mars prochain ? - Supeco","isPartOf":{"@id":"https:\/\/sbx82.cod.cc\/cfao\/supeco\/#website"},"primaryImageOfPage":{"@id":"https:\/\/sbx82.cod.cc\/cfao\/supeco\/vous-etes-a-douala-le-6-mars-prochain-venez-celebrer-les-femmes-avec-supeco-akwa-dubai-a-loccasion-de-le-journee-internationale-des-droits-de-la-femme-le-8-mars-2022-cfao-retail-et-supeco-prenne\/#primaryimage"},"image":{"@id":"https:\/\/sbx82.cod.cc\/cfao\/supeco\/vous-etes-a-douala-le-6-mars-prochain-venez-celebrer-les-femmes-avec-supeco-akwa-dubai-a-loccasion-de-le-journee-internationale-des-droits-de-la-femme-le-8-mars-2022-cfao-retail-et-supeco-prenne\/#primaryimage"},"thumbnailUrl":"https:\/\/sbx82.cod.cc\/cfao\/supeco\/wp-content\/uploads\/2022\/03\/8-mars-2022.jpg","datePublished":"2022-03-04T17:21:21+00:00","dateModified":"2023-06-13T09:33:24+00:00","description":"8 mars 2022, CFAO Retail et son magasin Supeco de Douala au Cameroun propose aux femmes de participer \u00e0 une matin\u00e9e sportive et r\u00e9cr\u00e9ative","inLanguage":"fr-FR","potentialAction":[{"@type":"ReadAction","target":["https:\/\/sbx82.cod.cc\/cfao\/supeco\/vous-etes-a-douala-le-6-mars-prochain-venez-celebrer-les-femmes-avec-supeco-akwa-dubai-a-loccasion-de-le-journee-internationale-des-droits-de-la-femme-le-8-mars-2022-cfao-retail-et-supeco-prenne\/"]}]},{"@type":"ImageObject","inLanguage":"fr-FR","@id":"https:\/\/sbx82.cod.cc\/cfao\/supeco\/vous-etes-a-douala-le-6-mars-prochain-venez-celebrer-les-femmes-avec-supeco-akwa-dubai-a-loccasion-de-le-journee-internationale-des-droits-de-la-femme-le-8-mars-2022-cfao-retail-et-supeco-prenne\/#primaryimage","url":"https:\/\/sbx82.cod.cc\/cfao\/supeco\/wp-content\/uploads\/2022\/03\/8-mars-2022.jpg","contentUrl":"https:\/\/sbx82.cod.cc\/cfao\/supeco\/wp-content\/uploads\/2022\/03\/8-mars-2022.jpg","width":605,"height":432},{"@type":"WebSite","@id":"https:\/\/sbx82.cod.cc\/cfao\/supeco\/#website","url":"https:\/\/sbx82.cod.cc\/cfao\/supeco\/","name":"Supeco","description":"Supermarch\u00e9 \u00e9conomique - permet de r\u00e9aliser des \u00e9conomies tous les jours","publisher":{"@id":"https:\/\/sbx82.cod.cc\/cfao\/supeco\/#organization"},"potentialAction":[{"@type":"SearchAction","target":{"@type":"EntryPoint","urlTemplate":"https:\/\/sbx82.cod.cc\/cfao\/supeco\/?s={search_term_string}"},"query-input":{"@type":"PropertyValueSpecification","valueRequired":true,"valueName":"search_term_string"}}],"inLanguage":"fr-FR"},{"@type":"Organization","@id":"https:\/\/sbx82.cod.cc\/cfao\/supeco\/#organization","name":"Supeco","url":"https:\/\/sbx82.cod.cc\/cfao\/supeco\/","logo":{"@type":"ImageObject","inLanguage":"fr-FR","@id":"https:\/\/sbx82.cod.cc\/cfao\/supeco\/#\/schema\/logo\/image\/","url":"https:\/\/sbx82.cod.cc\/cfao\/supeco\/wp-content\/uploads\/2019\/03\/supeco-baseline-rectangle-logo.gif","contentUrl":"https:\/\/sbx82.cod.cc\/cfao\/supeco\/wp-content\/uploads\/2019\/03\/supeco-baseline-rectangle-logo.gif","width":200,"height":73,"caption":"Supeco"},"image":{"@id":"https:\/\/sbx82.cod.cc\/cfao\/supeco\/#\/schema\/logo\/image\/"},"sameAs":["https:\/\/www.linkedin.com\/company\/28987507\/"]},{"@type":"Person","@id":"https:\/\/sbx82.cod.cc\/cfao\/supeco\/#\/schema\/person\/66601bd6800fb2547f4eee445abe10bb","name":"Christine Calvez","image":{"@type":"ImageObject","inLanguage":"fr-FR","@id":"https:\/\/sbx82.cod.cc\/cfao\/supeco\/#\/schema\/person\/image\/","url":"https:\/\/secure.gravatar.com\/avatar\/19d1c6312d74fc37040a2e397d7574bd47e0b45943d4f4303c9a2d046303ebcf?s=96&d=mm&r=g","contentUrl":"https:\/\/secure.gravatar.com\/avatar\/19d1c6312d74fc37040a2e397d7574bd47e0b45943d4f4303c9a2d046303ebcf?s=96&d=mm&r=g","caption":"Christine Calvez"},"url":"https:\/\/sbx82.cod.cc\/cfao\/supeco\/author\/ccalvezcfao-com\/"}]}},"_links":{"self":[{"href":"https:\/\/sbx82.cod.cc\/cfao\/supeco\/wp-json\/wp\/v2\/posts\/2556","targetHints":{"allow":["GET"]}}],"collection":[{"href":"https:\/\/sbx82.cod.cc\/cfao\/supeco\/wp-json\/wp\/v2\/posts"}],"about":[{"href":"https:\/\/sbx82.cod.cc\/cfao\/supeco\/wp-json\/wp\/v2\/types\/post"}],"author":[{"embeddable":true,"href":"https:\/\/sbx82.cod.cc\/cfao\/supeco\/wp-json\/wp\/v2\/users\/2"}],"replies":[{"embeddable":true,"href":"https:\/\/sbx82.cod.cc\/cfao\/supeco\/wp-json\/wp\/v2\/comments?post=2556"}],"version-history":[{"count":3,"href":"https:\/\/sbx82.cod.cc\/cfao\/supeco\/wp-json\/wp\/v2\/posts\/2556\/revisions"}],"predecessor-version":[{"id":3021,"href":"https:\/\/sbx82.cod.cc\/cfao\/supeco\/wp-json\/wp\/v2\/posts\/2556\/revisions\/3021"}],"wp:attachment":[{"href":"https:\/\/sbx82.cod.cc\/cfao\/supeco\/wp-json\/wp\/v2\/media?parent=2556"}],"wp:term":[{"taxonomy":"category","embeddable":true,"href":"https:\/\/sbx82.cod.cc\/cfao\/supeco\/wp-json\/wp\/v2\/categories?post=2556"},{"taxonomy":"post_tag","embeddable":true,"href":"https:\/\/sbx82.cod.cc\/cfao\/supeco\/wp-json\/wp\/v2\/tags?post=2556"}],"curies":[{"name":"wp","href":"https:\/\/api.w.org\/{rel}","templated":true}]}}