{"id":2521,"date":"2021-12-14T22:50:00","date_gmt":"2021-12-14T21:50:00","guid":{"rendered":"https:\/\/sbx82.cod.cc\/cfao\/supeco\/?p=2521"},"modified":"2021-12-15T09:34:04","modified_gmt":"2021-12-15T08:34:04","slug":"ouverture-du-premier-supermarche-economique-supeco-au-cameroun","status":"publish","type":"post","link":"https:\/\/sbx82.cod.cc\/cfao\/supeco\/ouverture-du-premier-supermarche-economique-supeco-au-cameroun\/","title":{"rendered":"CFAO Retail ouvre le premier supermarch\u00e9 \u00e9conomique Sup\u00e9co du Cameroun"},"content":{"rendered":"<style type=\"text\/css\"><\/style><section class=\"kc-elm kc-css-4312141 kc_row\"><div class=\"kc-row-container  kc-container\"><div class=\"kc-wrap-columns\"><div class=\"kc-elm kc-css-862613 kc_col-sm-12 kc_column kc_col-sm-12\"><div class=\"kc-col-container\"><div class=\"kc-elm kc-css-641472 kc_text_block\"><\/p>\n<p>\n<\/p>\n<p><strong>Douala, le 15 d\u00e9cembre 2021.<\/strong> Le premier supermarch\u00e9 sous enseigne Sup\u00e9co au Cameroun a \u00e9t\u00e9 inaugur\u00e9 aujourd\u2019hui \u00e0 Douala dans le quartier d\u2019Akwa en pr\u00e9sence de S.E. Monsieur Luc Magloire Mbarga Atangana, Ministre du Commerce et de Monsieur Luc Demez Directeur g\u00e9n\u00e9ral de CFAO Retail au Cameroun.<\/p>\n<p>\n<\/p>\n<p>\n<\/p>\n<p>Cr\u00e9\u00e9 en 2012 par le groupe Carrefour, le concept Sup\u00e9co est particuli\u00e8rement adapt\u00e9 aux \u00e9conomies \u00e9mergentes. Depuis 2019, CFAO Retail d\u00e9veloppe ce concept de supermarch\u00e9 \u00e9conomique en Afrique et compte d\u00e9j\u00e0 deux Sup\u00e9co au S\u00e9n\u00e9gal et trois en C\u00f4te d\u2019Ivoire.<\/p>\n<p>\n<\/p>\n<p>\n<\/p>\n<p>Sup\u00e9co Akwa Dubai r\u00e9habilite un ancien supermarch\u00e9 dont les portes \u00e9taient ferm\u00e9es depuis plus de dix ans. La r\u00e9novation compl\u00e8te du b\u00e2timent a \u00e9t\u00e9 r\u00e9alis\u00e9e par des entreprises locales. Sur une surface de 950 m\u00b2 le tout nouveau supermarch\u00e9 Sup\u00e9co Akwa Dubai propose pr\u00e8s de 3000 r\u00e9f\u00e9rences alimentaires et de consommation courante, uniquement des articles essentiels de la vie quotidienne, des prix r\u00e9duits pour des achats en quantit\u00e9 pour les familles et les professionnels, ainsi qu\u2019une proximit\u00e9 imm\u00e9diate avec ses clients. Dot\u00e9 d\u2019un parking, il facilitera \u00e9galement l\u2019acc\u00e8s au magasin par sa client\u00e8le.<\/p>\n<p>\n<\/p>\n<p>\n<\/p>\n<p>Luc Demez explique \u00ab&nbsp;<em>Le concept de Sup\u00e9co s\u2019appuie sur un programme d\u2019\u00e9conomies maximum r\u00e9alis\u00e9es sur l\u2019am\u00e9nagement des supermarch\u00e9s, la logistique et le marketing au profit du pouvoir d\u2019achat. Ces efforts nous permettent d\u2019afficher des prix \u00ab&nbsp;discount&nbsp;\u00bb dans un supermarch\u00e9 aux normes internationales<\/em>. \u00bb &nbsp;<\/p>\n<p>\n<\/p>\n<p>\n<\/p>\n<p>Sup\u00e9co Akwa Dubai emploie 25 collaborateurs camerounais. Tous ont \u00e9t\u00e9 form\u00e9s et promus depuis les autres sites de CFAO Retail au Cameroun. Chacun d\u2019entre eux a suivi une formation sp\u00e9cifique bas\u00e9e sur la polyvalence \u00e0 tous les postes. Ainsi pr\u00e8s de 1220 heures de formation ont \u00e9t\u00e9 d\u00e9livr\u00e9es en pr\u00e9paration de cette ouverture. Au total l\u2019ouverture de Supeco Akwa Dubai repr\u00e9sente plus de 40 cr\u00e9ations d\u2019emplois directs et indirects.<\/p>\n<p>\n<\/p>\n<p>\n<\/p>\n<p>Luc Demez explique&nbsp;: \u00ab&nbsp;<em>L\u2019ouverture de cette nouvelle enseigne Sup\u00e9co marque une nouvelle \u00e9tape dans le d\u00e9ploiement de CFAO Retail au Cameroun. Apr\u00e8s les quatre supermarch\u00e9s Carrefour Market qui constituent \u00e0 date notre r\u00e9seau, nous sommes aujourd\u2019hui capables de proposer \u00e0 nos clients une offre de qualit\u00e9 au prix les plus bas <\/em>\u00bb.<em><\/em><\/p>\n<p>\n<\/p>\n<p>\n<\/p>\n<p>En Afrique centrale, le Cameroun est le 1<sup>er<\/sup> pays \u00e0 accueillir l\u2019enseigne Sup\u00e9co. CFAO Retail y compte d\u00e9sormais un supermarch\u00e9 \u00e9conomique Sup\u00e9co et quatre supermarch\u00e9s Carrefour Market&nbsp;: trois \u00e0 Douala et un \u00e0 Yaound\u00e9.<\/p>\n<p>Suivez les offres de cette enseigne au Cameroun ici : http:\/\/www.facebook.com\/supeco.cm<\/p>\n<p><strong style=\"font-style: inherit;\"><em>\u00c0 propos de CFAO Retail&nbsp;:<\/em><\/strong><\/p>\n<p>\n<\/p>\n<p>\n<\/p>\n<p><em>Depuis 2015, CFAO Retail d\u00e9ploie une strat\u00e9gie commerciale ambitieuse d\u2019ouverture de centres commerciaux et de supermarch\u00e9s de proximit\u00e9 en Afrique subsaharienne, en partenariat avec le groupe Carrefour.<\/em><\/p>\n<p>\n<\/p>\n<p>\n<\/p>\n<p><em>Avec l\u2019ouverture de son premier supermarch\u00e9 Sup\u00e9co \u00e0 Douala (Cameroun) CFAO Retail compte six supermarch\u00e9s \u00e9conomiques Sup\u00e9co dont 3 \u00e0 Abidjan et 2 \u00e0 Dakar.<\/em><\/p>\n<p>\n<\/p>\n<p>\n<\/p>\n<p><em>CFAO Retail c\u2019est aussi&nbsp;: un hypermarch\u00e9 Carrefour, onze supermarch\u00e9s Carrefour Market, deux centres commerciaux PlaYce en C\u00f4te d\u2019Ivoire et 6 boutiques du Club de Marques : Lacoste, Jules, La Grande R\u00e9cr\u00e9 et Beauty Succ\u00e8s. Un \u00e9ventail d\u2019enseignes qui lui permet de s\u2019adresser l\u2019ensemble des consommateurs.<\/em><\/p>\n<p>\n<\/p>\n<p>\n<\/p>\n<p><em>Pour en savoir plus sur CFAO Retail&nbsp;: <\/em><a href=\"http:\/\/www.cfao-retail.com\"><em>www.cfao-retail.com<\/em><\/a><em><\/em><\/p>\n<p>\n<\/p>\n<p>\n<\/div><\/div><\/div><\/div><\/div><\/section>","protected":false},"excerpt":{"rendered":"<p>ouverture d&rsquo;un supermarch\u00e9 sup\u00e9co par cfao retail \u00e0 Douala au Cameroun<\/p>\n","protected":false},"author":2,"featured_media":2508,"comment_status":"closed","ping_status":"closed","sticky":true,"template":"","format":"standard","meta":{"_acf_changed":false,"footnotes":""},"categories":[20,14],"tags":[63,64,62,60,61],"class_list":["post-2521","post","type-post","status-publish","format-standard","has-post-thumbnail","hentry","category-news","category-communique","tag-cameroun","tag-cfaoretail","tag-douala","tag-supeco","tag-suprmarche"],"pp_force_visibility":null,"pp_subpost_visibility":null,"pp_inherited_force_visibility":null,"pp_inherited_subpost_visibility":null,"acf":[],"yoast_head":"<!-- This site is optimized with the Yoast SEO plugin v25.2 - https:\/\/yoast.com\/wordpress\/plugins\/seo\/ -->\n<title>CFAO Retail ouvre le premier supermarch\u00e9 \u00e9conomique Sup\u00e9co du Cameroun - Supeco<\/title>\n<meta name=\"robots\" content=\"index, follow, max-snippet:-1, max-image-preview:large, max-video-preview:-1\" \/>\n<link rel=\"canonical\" href=\"https:\/\/sbx82.cod.cc\/cfao\/supeco\/ouverture-du-premier-supermarche-economique-supeco-au-cameroun\/\" \/>\n<meta property=\"og:locale\" content=\"fr_FR\" \/>\n<meta property=\"og:type\" content=\"article\" \/>\n<meta property=\"og:title\" content=\"CFAO Retail ouvre le premier supermarch\u00e9 \u00e9conomique Sup\u00e9co du Cameroun - Supeco\" \/>\n<meta property=\"og:description\" content=\"ouverture d&#039;un supermarch\u00e9 sup\u00e9co par cfao retail \u00e0 Douala au Cameroun\" \/>\n<meta property=\"og:url\" content=\"https:\/\/sbx82.cod.cc\/cfao\/supeco\/ouverture-du-premier-supermarche-economique-supeco-au-cameroun\/\" \/>\n<meta property=\"og:site_name\" content=\"Supeco\" \/>\n<meta property=\"article:published_time\" content=\"2021-12-14T21:50:00+00:00\" \/>\n<meta property=\"article:modified_time\" content=\"2021-12-15T08:34:04+00:00\" \/>\n<meta property=\"og:image\" content=\"https:\/\/sbx82.cod.cc\/cfao\/supeco\/wp-content\/uploads\/2021\/12\/supeco_fb_A_01-04.jpg\" \/>\n\t<meta property=\"og:image:width\" content=\"1200\" \/>\n\t<meta property=\"og:image:height\" content=\"628\" \/>\n\t<meta property=\"og:image:type\" content=\"image\/jpeg\" \/>\n<meta name=\"author\" content=\"Christine Calvez\" \/>\n<meta name=\"twitter:card\" content=\"summary_large_image\" \/>\n<meta name=\"twitter:label1\" content=\"\u00c9crit par\" \/>\n\t<meta name=\"twitter:data1\" content=\"Christine Calvez\" \/>\n\t<meta name=\"twitter:label2\" content=\"Dur\u00e9e de lecture estim\u00e9e\" \/>\n\t<meta name=\"twitter:data2\" content=\"3 minutes\" \/>\n<script type=\"application\/ld+json\" class=\"yoast-schema-graph\">{\"@context\":\"https:\/\/schema.org\",\"@graph\":[{\"@type\":\"NewsArticle\",\"@id\":\"https:\/\/sbx82.cod.cc\/cfao\/supeco\/ouverture-du-premier-supermarche-economique-supeco-au-cameroun\/#article\",\"isPartOf\":{\"@id\":\"https:\/\/sbx82.cod.cc\/cfao\/supeco\/ouverture-du-premier-supermarche-economique-supeco-au-cameroun\/\"},\"author\":{\"name\":\"Christine Calvez\",\"@id\":\"https:\/\/sbx82.cod.cc\/cfao\/supeco\/#\/schema\/person\/66601bd6800fb2547f4eee445abe10bb\"},\"headline\":\"CFAO Retail ouvre le premier supermarch\u00e9 \u00e9conomique Sup\u00e9co du Cameroun\",\"datePublished\":\"2021-12-14T21:50:00+00:00\",\"dateModified\":\"2021-12-15T08:34:04+00:00\",\"mainEntityOfPage\":{\"@id\":\"https:\/\/sbx82.cod.cc\/cfao\/supeco\/ouverture-du-premier-supermarche-economique-supeco-au-cameroun\/\"},\"wordCount\":587,\"publisher\":{\"@id\":\"https:\/\/sbx82.cod.cc\/cfao\/supeco\/#organization\"},\"image\":{\"@id\":\"https:\/\/sbx82.cod.cc\/cfao\/supeco\/ouverture-du-premier-supermarche-economique-supeco-au-cameroun\/#primaryimage\"},\"thumbnailUrl\":\"https:\/\/sbx82.cod.cc\/cfao\/supeco\/wp-content\/uploads\/2021\/12\/supeco_fb_A_01-04.jpg\",\"keywords\":[\"cameroun\",\"cfaoretail\",\"douala\",\"Sup\u00e9co\",\"suprmarch\u00e9\"],\"articleSection\":[\"Actualit\u00e9s\",\"communiqu\u00e9 de presse\"],\"inLanguage\":\"fr-FR\"},{\"@type\":\"WebPage\",\"@id\":\"https:\/\/sbx82.cod.cc\/cfao\/supeco\/ouverture-du-premier-supermarche-economique-supeco-au-cameroun\/\",\"url\":\"https:\/\/sbx82.cod.cc\/cfao\/supeco\/ouverture-du-premier-supermarche-economique-supeco-au-cameroun\/\",\"name\":\"CFAO Retail ouvre le premier supermarch\u00e9 \u00e9conomique Sup\u00e9co du Cameroun - Supeco\",\"isPartOf\":{\"@id\":\"https:\/\/sbx82.cod.cc\/cfao\/supeco\/#website\"},\"primaryImageOfPage\":{\"@id\":\"https:\/\/sbx82.cod.cc\/cfao\/supeco\/ouverture-du-premier-supermarche-economique-supeco-au-cameroun\/#primaryimage\"},\"image\":{\"@id\":\"https:\/\/sbx82.cod.cc\/cfao\/supeco\/ouverture-du-premier-supermarche-economique-supeco-au-cameroun\/#primaryimage\"},\"thumbnailUrl\":\"https:\/\/sbx82.cod.cc\/cfao\/supeco\/wp-content\/uploads\/2021\/12\/supeco_fb_A_01-04.jpg\",\"datePublished\":\"2021-12-14T21:50:00+00:00\",\"dateModified\":\"2021-12-15T08:34:04+00:00\",\"inLanguage\":\"fr-FR\",\"potentialAction\":[{\"@type\":\"ReadAction\",\"target\":[\"https:\/\/sbx82.cod.cc\/cfao\/supeco\/ouverture-du-premier-supermarche-economique-supeco-au-cameroun\/\"]}]},{\"@type\":\"ImageObject\",\"inLanguage\":\"fr-FR\",\"@id\":\"https:\/\/sbx82.cod.cc\/cfao\/supeco\/ouverture-du-premier-supermarche-economique-supeco-au-cameroun\/#primaryimage\",\"url\":\"https:\/\/sbx82.cod.cc\/cfao\/supeco\/wp-content\/uploads\/2021\/12\/supeco_fb_A_01-04.jpg\",\"contentUrl\":\"https:\/\/sbx82.cod.cc\/cfao\/supeco\/wp-content\/uploads\/2021\/12\/supeco_fb_A_01-04.jpg\",\"width\":1200,\"height\":628},{\"@type\":\"WebSite\",\"@id\":\"https:\/\/sbx82.cod.cc\/cfao\/supeco\/#website\",\"url\":\"https:\/\/sbx82.cod.cc\/cfao\/supeco\/\",\"name\":\"Supeco\",\"description\":\"Supermarch\u00e9 \u00e9conomique - permet de r\u00e9aliser des \u00e9conomies tous les jours\",\"publisher\":{\"@id\":\"https:\/\/sbx82.cod.cc\/cfao\/supeco\/#organization\"},\"potentialAction\":[{\"@type\":\"SearchAction\",\"target\":{\"@type\":\"EntryPoint\",\"urlTemplate\":\"https:\/\/sbx82.cod.cc\/cfao\/supeco\/?s={search_term_string}\"},\"query-input\":{\"@type\":\"PropertyValueSpecification\",\"valueRequired\":true,\"valueName\":\"search_term_string\"}}],\"inLanguage\":\"fr-FR\"},{\"@type\":\"Organization\",\"@id\":\"https:\/\/sbx82.cod.cc\/cfao\/supeco\/#organization\",\"name\":\"Supeco\",\"url\":\"https:\/\/sbx82.cod.cc\/cfao\/supeco\/\",\"logo\":{\"@type\":\"ImageObject\",\"inLanguage\":\"fr-FR\",\"@id\":\"https:\/\/sbx82.cod.cc\/cfao\/supeco\/#\/schema\/logo\/image\/\",\"url\":\"https:\/\/sbx82.cod.cc\/cfao\/supeco\/wp-content\/uploads\/2019\/03\/supeco-baseline-rectangle-logo.gif\",\"contentUrl\":\"https:\/\/sbx82.cod.cc\/cfao\/supeco\/wp-content\/uploads\/2019\/03\/supeco-baseline-rectangle-logo.gif\",\"width\":200,\"height\":73,\"caption\":\"Supeco\"},\"image\":{\"@id\":\"https:\/\/sbx82.cod.cc\/cfao\/supeco\/#\/schema\/logo\/image\/\"},\"sameAs\":[\"https:\/\/www.linkedin.com\/company\/28987507\/\"]},{\"@type\":\"Person\",\"@id\":\"https:\/\/sbx82.cod.cc\/cfao\/supeco\/#\/schema\/person\/66601bd6800fb2547f4eee445abe10bb\",\"name\":\"Christine Calvez\",\"image\":{\"@type\":\"ImageObject\",\"inLanguage\":\"fr-FR\",\"@id\":\"https:\/\/sbx82.cod.cc\/cfao\/supeco\/#\/schema\/person\/image\/\",\"url\":\"https:\/\/secure.gravatar.com\/avatar\/19d1c6312d74fc37040a2e397d7574bd47e0b45943d4f4303c9a2d046303ebcf?s=96&d=mm&r=g\",\"contentUrl\":\"https:\/\/secure.gravatar.com\/avatar\/19d1c6312d74fc37040a2e397d7574bd47e0b45943d4f4303c9a2d046303ebcf?s=96&d=mm&r=g\",\"caption\":\"Christine Calvez\"},\"url\":\"https:\/\/sbx82.cod.cc\/cfao\/supeco\/author\/ccalvezcfao-com\/\"}]}<\/script>\n<!-- \/ Yoast SEO plugin. -->","yoast_head_json":{"title":"CFAO Retail ouvre le premier supermarch\u00e9 \u00e9conomique Sup\u00e9co du Cameroun - Supeco","robots":{"index":"index","follow":"follow","max-snippet":"max-snippet:-1","max-image-preview":"max-image-preview:large","max-video-preview":"max-video-preview:-1"},"canonical":"https:\/\/sbx82.cod.cc\/cfao\/supeco\/ouverture-du-premier-supermarche-economique-supeco-au-cameroun\/","og_locale":"fr_FR","og_type":"article","og_title":"CFAO Retail ouvre le premier supermarch\u00e9 \u00e9conomique Sup\u00e9co du Cameroun - Supeco","og_description":"ouverture d'un supermarch\u00e9 sup\u00e9co par cfao retail \u00e0 Douala au Cameroun","og_url":"https:\/\/sbx82.cod.cc\/cfao\/supeco\/ouverture-du-premier-supermarche-economique-supeco-au-cameroun\/","og_site_name":"Supeco","article_published_time":"2021-12-14T21:50:00+00:00","article_modified_time":"2021-12-15T08:34:04+00:00","og_image":[{"width":1200,"height":628,"url":"https:\/\/sbx82.cod.cc\/cfao\/supeco\/wp-content\/uploads\/2021\/12\/supeco_fb_A_01-04.jpg","type":"image\/jpeg"}],"author":"Christine Calvez","twitter_card":"summary_large_image","twitter_misc":{"\u00c9crit par":"Christine Calvez","Dur\u00e9e de lecture estim\u00e9e":"3 minutes"},"schema":{"@context":"https:\/\/schema.org","@graph":[{"@type":"NewsArticle","@id":"https:\/\/sbx82.cod.cc\/cfao\/supeco\/ouverture-du-premier-supermarche-economique-supeco-au-cameroun\/#article","isPartOf":{"@id":"https:\/\/sbx82.cod.cc\/cfao\/supeco\/ouverture-du-premier-supermarche-economique-supeco-au-cameroun\/"},"author":{"name":"Christine Calvez","@id":"https:\/\/sbx82.cod.cc\/cfao\/supeco\/#\/schema\/person\/66601bd6800fb2547f4eee445abe10bb"},"headline":"CFAO Retail ouvre le premier supermarch\u00e9 \u00e9conomique Sup\u00e9co du Cameroun","datePublished":"2021-12-14T21:50:00+00:00","dateModified":"2021-12-15T08:34:04+00:00","mainEntityOfPage":{"@id":"https:\/\/sbx82.cod.cc\/cfao\/supeco\/ouverture-du-premier-supermarche-economique-supeco-au-cameroun\/"},"wordCount":587,"publisher":{"@id":"https:\/\/sbx82.cod.cc\/cfao\/supeco\/#organization"},"image":{"@id":"https:\/\/sbx82.cod.cc\/cfao\/supeco\/ouverture-du-premier-supermarche-economique-supeco-au-cameroun\/#primaryimage"},"thumbnailUrl":"https:\/\/sbx82.cod.cc\/cfao\/supeco\/wp-content\/uploads\/2021\/12\/supeco_fb_A_01-04.jpg","keywords":["cameroun","cfaoretail","douala","Sup\u00e9co","suprmarch\u00e9"],"articleSection":["Actualit\u00e9s","communiqu\u00e9 de presse"],"inLanguage":"fr-FR"},{"@type":"WebPage","@id":"https:\/\/sbx82.cod.cc\/cfao\/supeco\/ouverture-du-premier-supermarche-economique-supeco-au-cameroun\/","url":"https:\/\/sbx82.cod.cc\/cfao\/supeco\/ouverture-du-premier-supermarche-economique-supeco-au-cameroun\/","name":"CFAO Retail ouvre le premier supermarch\u00e9 \u00e9conomique Sup\u00e9co du Cameroun - Supeco","isPartOf":{"@id":"https:\/\/sbx82.cod.cc\/cfao\/supeco\/#website"},"primaryImageOfPage":{"@id":"https:\/\/sbx82.cod.cc\/cfao\/supeco\/ouverture-du-premier-supermarche-economique-supeco-au-cameroun\/#primaryimage"},"image":{"@id":"https:\/\/sbx82.cod.cc\/cfao\/supeco\/ouverture-du-premier-supermarche-economique-supeco-au-cameroun\/#primaryimage"},"thumbnailUrl":"https:\/\/sbx82.cod.cc\/cfao\/supeco\/wp-content\/uploads\/2021\/12\/supeco_fb_A_01-04.jpg","datePublished":"2021-12-14T21:50:00+00:00","dateModified":"2021-12-15T08:34:04+00:00","inLanguage":"fr-FR","potentialAction":[{"@type":"ReadAction","target":["https:\/\/sbx82.cod.cc\/cfao\/supeco\/ouverture-du-premier-supermarche-economique-supeco-au-cameroun\/"]}]},{"@type":"ImageObject","inLanguage":"fr-FR","@id":"https:\/\/sbx82.cod.cc\/cfao\/supeco\/ouverture-du-premier-supermarche-economique-supeco-au-cameroun\/#primaryimage","url":"https:\/\/sbx82.cod.cc\/cfao\/supeco\/wp-content\/uploads\/2021\/12\/supeco_fb_A_01-04.jpg","contentUrl":"https:\/\/sbx82.cod.cc\/cfao\/supeco\/wp-content\/uploads\/2021\/12\/supeco_fb_A_01-04.jpg","width":1200,"height":628},{"@type":"WebSite","@id":"https:\/\/sbx82.cod.cc\/cfao\/supeco\/#website","url":"https:\/\/sbx82.cod.cc\/cfao\/supeco\/","name":"Supeco","description":"Supermarch\u00e9 \u00e9conomique - permet de r\u00e9aliser des \u00e9conomies tous les jours","publisher":{"@id":"https:\/\/sbx82.cod.cc\/cfao\/supeco\/#organization"},"potentialAction":[{"@type":"SearchAction","target":{"@type":"EntryPoint","urlTemplate":"https:\/\/sbx82.cod.cc\/cfao\/supeco\/?s={search_term_string}"},"query-input":{"@type":"PropertyValueSpecification","valueRequired":true,"valueName":"search_term_string"}}],"inLanguage":"fr-FR"},{"@type":"Organization","@id":"https:\/\/sbx82.cod.cc\/cfao\/supeco\/#organization","name":"Supeco","url":"https:\/\/sbx82.cod.cc\/cfao\/supeco\/","logo":{"@type":"ImageObject","inLanguage":"fr-FR","@id":"https:\/\/sbx82.cod.cc\/cfao\/supeco\/#\/schema\/logo\/image\/","url":"https:\/\/sbx82.cod.cc\/cfao\/supeco\/wp-content\/uploads\/2019\/03\/supeco-baseline-rectangle-logo.gif","contentUrl":"https:\/\/sbx82.cod.cc\/cfao\/supeco\/wp-content\/uploads\/2019\/03\/supeco-baseline-rectangle-logo.gif","width":200,"height":73,"caption":"Supeco"},"image":{"@id":"https:\/\/sbx82.cod.cc\/cfao\/supeco\/#\/schema\/logo\/image\/"},"sameAs":["https:\/\/www.linkedin.com\/company\/28987507\/"]},{"@type":"Person","@id":"https:\/\/sbx82.cod.cc\/cfao\/supeco\/#\/schema\/person\/66601bd6800fb2547f4eee445abe10bb","name":"Christine Calvez","image":{"@type":"ImageObject","inLanguage":"fr-FR","@id":"https:\/\/sbx82.cod.cc\/cfao\/supeco\/#\/schema\/person\/image\/","url":"https:\/\/secure.gravatar.com\/avatar\/19d1c6312d74fc37040a2e397d7574bd47e0b45943d4f4303c9a2d046303ebcf?s=96&d=mm&r=g","contentUrl":"https:\/\/secure.gravatar.com\/avatar\/19d1c6312d74fc37040a2e397d7574bd47e0b45943d4f4303c9a2d046303ebcf?s=96&d=mm&r=g","caption":"Christine Calvez"},"url":"https:\/\/sbx82.cod.cc\/cfao\/supeco\/author\/ccalvezcfao-com\/"}]}},"_links":{"self":[{"href":"https:\/\/sbx82.cod.cc\/cfao\/supeco\/wp-json\/wp\/v2\/posts\/2521","targetHints":{"allow":["GET"]}}],"collection":[{"href":"https:\/\/sbx82.cod.cc\/cfao\/supeco\/wp-json\/wp\/v2\/posts"}],"about":[{"href":"https:\/\/sbx82.cod.cc\/cfao\/supeco\/wp-json\/wp\/v2\/types\/post"}],"author":[{"embeddable":true,"href":"https:\/\/sbx82.cod.cc\/cfao\/supeco\/wp-json\/wp\/v2\/users\/2"}],"replies":[{"embeddable":true,"href":"https:\/\/sbx82.cod.cc\/cfao\/supeco\/wp-json\/wp\/v2\/comments?post=2521"}],"version-history":[{"count":5,"href":"https:\/\/sbx82.cod.cc\/cfao\/supeco\/wp-json\/wp\/v2\/posts\/2521\/revisions"}],"predecessor-version":[{"id":2528,"href":"https:\/\/sbx82.cod.cc\/cfao\/supeco\/wp-json\/wp\/v2\/posts\/2521\/revisions\/2528"}],"wp:featuredmedia":[{"embeddable":true,"href":"https:\/\/sbx82.cod.cc\/cfao\/supeco\/wp-json\/wp\/v2\/media\/2508"}],"wp:attachment":[{"href":"https:\/\/sbx82.cod.cc\/cfao\/supeco\/wp-json\/wp\/v2\/media?parent=2521"}],"wp:term":[{"taxonomy":"category","embeddable":true,"href":"https:\/\/sbx82.cod.cc\/cfao\/supeco\/wp-json\/wp\/v2\/categories?post=2521"},{"taxonomy":"post_tag","embeddable":true,"href":"https:\/\/sbx82.cod.cc\/cfao\/supeco\/wp-json\/wp\/v2\/tags?post=2521"}],"curies":[{"name":"wp","href":"https:\/\/api.w.org\/{rel}","templated":true}]}}