{"id":2493,"date":"2021-10-14T11:38:35","date_gmt":"2021-10-14T09:38:35","guid":{"rendered":"https:\/\/sbx82.cod.cc\/cfao\/supeco\/?p=2493"},"modified":"2021-10-14T11:39:12","modified_gmt":"2021-10-14T09:39:12","slug":"ouverture-dun-3eme-supermarche-supeco","status":"publish","type":"post","link":"https:\/\/sbx82.cod.cc\/cfao\/supeco\/ouverture-dun-3eme-supermarche-supeco\/","title":{"rendered":"Ouverture d&rsquo;un 3\u00e8me Supeco"},"content":{"rendered":"\n<h3 class=\"has-text-align-left wp-block-heading\">dans la commune de Yopougon, C\u00f4te d&rsquo;Ivoire<\/h3>\n\n\n\n<figure class=\"wp-block-image size-large\"><img fetchpriority=\"high\" decoding=\"async\" width=\"648\" height=\"182\" src=\"https:\/\/sbx82.cod.cc\/cfao\/supeco\/wp-content\/uploads\/2021\/10\/logo-Supeco-Toit-Rouge.jpg\" alt=\"\" class=\"wp-image-2494\" srcset=\"https:\/\/sbx82.cod.cc\/cfao\/supeco\/wp-content\/uploads\/2021\/10\/logo-Supeco-Toit-Rouge.jpg 648w, https:\/\/sbx82.cod.cc\/cfao\/supeco\/wp-content\/uploads\/2021\/10\/logo-Supeco-Toit-Rouge-300x84.jpg 300w\" sizes=\"(max-width: 648px) 100vw, 648px\" \/><\/figure>\n\n\n\n<p><strong>Abidjan, le 14 octobre 2021,<\/strong> un troisi\u00e8me supermarch\u00e9 Sup\u00e9co a \u00e9t\u00e9 inaugur\u00e9 aujourd\u2019hui dans la commune de Yopougon, \u00e0 Abidjan en pr\u00e9sence de Messieurs Jean-Christophe Brindeau, Directeur g\u00e9n\u00e9ral de CFAO Retail et Pascal Bordeaux, Directeur g\u00e9n\u00e9ral de CFAO Retail en C\u00f4te d\u2019Ivoire.<br>Construit par CFAO Retail sur un terrain d\u2019une surface de 3 750 m2, Sup\u00e9co Toit Rouge est le plus grand des Supeco d\u2019Abidjan. Il offre pr\u00e8s de 4 000 r\u00e9f\u00e9rences alimentaires et un large choix de produits n\u00e9cessaires \u00e0 la vie quotidienne sur une surface de vente de 1 000 m\u00b2.<\/p>\n\n\n\n<p>Partenaires de nombreux fournisseurs et industriels ivoiriens, Sup\u00e9co favorise et d\u00e9veloppe la proximit\u00e9 et les circuits courts dans un maximum de ses rayons avec l\u2019objectif de proposer des produits de qualit\u00e9 et tra\u00e7ables \u00e0 prix tr\u00e8s bas, dans des magasins aux standards internationaux.<\/p>\n\n\n\n<p>Pascal Bordeaux, Directeur de CFAO Retail en C\u00f4te d\u2019Ivoire Retail explique  \u00ab le concept Sup\u00e9co a \u00e9t\u00e9 \u00e9tudi\u00e9 pour rendre du pouvoir d\u2019achat \u00e0 nos clients. En effet, lorsque nous ouvrons un Sup\u00e9co, nous respectons un programme d\u2019\u00e9conomies sur l\u2019am\u00e9nagement des magasins, la logistique et le marketing ce qui nous permet d\u2019afficher les prix les plus bas du march\u00e9 et de contribuer \u00e0 am\u00e9liorer le pouvoir d\u2019achat de nos clients \u00bb.<\/p>\n\n\n\n<p>Sup\u00e9co Toit rouge emploie 24 collaborateurs, provenant majoritairement des autres sites de CFAO Retail en C\u00f4te d\u2019Ivoire et r\u00e9sidant dans le quartier de Toit Rouge. 300 heures de formation ont \u00e9t\u00e9 d\u00e9livr\u00e9es \u00e0 l\u2019\u00e9quipe afin que chacun puisse assurer le r\u00f4le polyvalent qui lui est demand\u00e9 chez Sup\u00e9co.<\/p>\n\n\n\n<p>Dot\u00e9 d\u2019un parking d\u2019une trentaine de places, Supeco Toit Rouge permet \u00e0 ses clients de faire leurs courses avec un r\u00e9el confort. Par ailleurs, ce nouveau supermarch\u00e9 proposera tr\u00e8s rapidement aussi plusieurs services parmi lesquels : une station-service Oryx Energies et sa boutique, un bureau de change et de transfert d\u2019argent : Yousba Finance ainsi qu\u2019une boutique de bijoux fantaisie Nanama Bijoux.<\/p>\n\n\n\n<p>L\u2019ouverture de Sup\u00e9co Toit rouge qui intervient vingt mois apr\u00e8s l\u2019ouverture du premier supermarch\u00e9 Supeco en C\u00f4te d\u2019Ivoire confirme la strat\u00e9gie de CFAO Retail de se d\u00e9velopper au coeur des quartiers et t\u00e9moigne de sa d\u00e9termination \u00e0 se positionner sur une offre de qualit\u00e9 aux prix les plus bas du march\u00e9.<\/p>\n\n\n\n<p>En C\u00f4te d\u2019Ivoire, CFAO Retail compte d\u00e9sormais trois supermarch\u00e9s \u00e9conomiques Sup\u00e9co, un hypermarch\u00e9 Carrefour et cinq supermarch\u00e9s Carrefour Market, deux centres commerciaux PlaYce, et 6 boutiques du Club de Marques : Lacoste, Jules, La Grande R\u00e9cr\u00e9 et Beauty Succ\u00e8s. Un \u00e9ventail d\u2019enseignes qui lui permet de s\u2019adresser l\u2019ensemble des consommateurs.<\/p>\n","protected":false},"excerpt":{"rendered":"<p>Ouverture d&rsquo;un troisi\u00e8me supermarch\u00e9 Supeco par CFAO Retail en C\u00f4te d&rsquo;Ivoire<\/p>\n","protected":false},"author":2,"featured_media":2495,"comment_status":"closed","ping_status":"closed","sticky":true,"template":"","format":"standard","meta":{"_acf_changed":false,"footnotes":""},"categories":[20,14],"tags":[],"class_list":["post-2493","post","type-post","status-publish","format-standard","has-post-thumbnail","hentry","category-news","category-communique"],"pp_force_visibility":null,"pp_subpost_visibility":null,"pp_inherited_force_visibility":null,"pp_inherited_subpost_visibility":null,"acf":[],"yoast_head":"<!-- This site is optimized with the Yoast SEO plugin v25.2 - https:\/\/yoast.com\/wordpress\/plugins\/seo\/ -->\n<title>Ouverture d&#039;un 3\u00e8me Supeco - Supeco<\/title>\n<meta name=\"robots\" content=\"index, follow, max-snippet:-1, max-image-preview:large, max-video-preview:-1\" \/>\n<link rel=\"canonical\" href=\"https:\/\/sbx82.cod.cc\/cfao\/supeco\/ouverture-dun-3eme-supermarche-supeco\/\" \/>\n<meta property=\"og:locale\" content=\"fr_FR\" \/>\n<meta property=\"og:type\" content=\"article\" \/>\n<meta property=\"og:title\" content=\"Ouverture d&#039;un 3\u00e8me Supeco - Supeco\" \/>\n<meta property=\"og:description\" content=\"Ouverture d&#039;un troisi\u00e8me supermarch\u00e9 Supeco par CFAO Retail en C\u00f4te d&#039;Ivoire\" \/>\n<meta property=\"og:url\" content=\"https:\/\/sbx82.cod.cc\/cfao\/supeco\/ouverture-dun-3eme-supermarche-supeco\/\" \/>\n<meta property=\"og:site_name\" content=\"Supeco\" \/>\n<meta property=\"article:published_time\" content=\"2021-10-14T09:38:35+00:00\" \/>\n<meta property=\"article:modified_time\" content=\"2021-10-14T09:39:12+00:00\" \/>\n<meta property=\"og:image\" content=\"https:\/\/sbx82.cod.cc\/cfao\/supeco\/wp-content\/uploads\/2021\/10\/Ouvert.jpg\" \/>\n\t<meta property=\"og:image:width\" content=\"1131\" \/>\n\t<meta property=\"og:image:height\" content=\"515\" \/>\n\t<meta property=\"og:image:type\" content=\"image\/jpeg\" \/>\n<meta name=\"author\" content=\"Christine Calvez\" \/>\n<meta name=\"twitter:card\" content=\"summary_large_image\" \/>\n<meta name=\"twitter:label1\" content=\"\u00c9crit par\" \/>\n\t<meta name=\"twitter:data1\" content=\"Christine Calvez\" \/>\n\t<meta name=\"twitter:label2\" content=\"Dur\u00e9e de lecture estim\u00e9e\" \/>\n\t<meta name=\"twitter:data2\" content=\"2 minutes\" \/>\n<script type=\"application\/ld+json\" class=\"yoast-schema-graph\">{\"@context\":\"https:\/\/schema.org\",\"@graph\":[{\"@type\":\"Article\",\"@id\":\"https:\/\/sbx82.cod.cc\/cfao\/supeco\/ouverture-dun-3eme-supermarche-supeco\/#article\",\"isPartOf\":{\"@id\":\"https:\/\/sbx82.cod.cc\/cfao\/supeco\/ouverture-dun-3eme-supermarche-supeco\/\"},\"author\":{\"name\":\"Christine Calvez\",\"@id\":\"https:\/\/sbx82.cod.cc\/cfao\/supeco\/#\/schema\/person\/66601bd6800fb2547f4eee445abe10bb\"},\"headline\":\"Ouverture d&rsquo;un 3\u00e8me Supeco\",\"datePublished\":\"2021-10-14T09:38:35+00:00\",\"dateModified\":\"2021-10-14T09:39:12+00:00\",\"mainEntityOfPage\":{\"@id\":\"https:\/\/sbx82.cod.cc\/cfao\/supeco\/ouverture-dun-3eme-supermarche-supeco\/\"},\"wordCount\":477,\"publisher\":{\"@id\":\"https:\/\/sbx82.cod.cc\/cfao\/supeco\/#organization\"},\"image\":{\"@id\":\"https:\/\/sbx82.cod.cc\/cfao\/supeco\/ouverture-dun-3eme-supermarche-supeco\/#primaryimage\"},\"thumbnailUrl\":\"https:\/\/sbx82.cod.cc\/cfao\/supeco\/wp-content\/uploads\/2021\/10\/Ouvert.jpg\",\"articleSection\":[\"Actualit\u00e9s\",\"communiqu\u00e9 de presse\"],\"inLanguage\":\"fr-FR\"},{\"@type\":\"WebPage\",\"@id\":\"https:\/\/sbx82.cod.cc\/cfao\/supeco\/ouverture-dun-3eme-supermarche-supeco\/\",\"url\":\"https:\/\/sbx82.cod.cc\/cfao\/supeco\/ouverture-dun-3eme-supermarche-supeco\/\",\"name\":\"Ouverture d'un 3\u00e8me Supeco - Supeco\",\"isPartOf\":{\"@id\":\"https:\/\/sbx82.cod.cc\/cfao\/supeco\/#website\"},\"primaryImageOfPage\":{\"@id\":\"https:\/\/sbx82.cod.cc\/cfao\/supeco\/ouverture-dun-3eme-supermarche-supeco\/#primaryimage\"},\"image\":{\"@id\":\"https:\/\/sbx82.cod.cc\/cfao\/supeco\/ouverture-dun-3eme-supermarche-supeco\/#primaryimage\"},\"thumbnailUrl\":\"https:\/\/sbx82.cod.cc\/cfao\/supeco\/wp-content\/uploads\/2021\/10\/Ouvert.jpg\",\"datePublished\":\"2021-10-14T09:38:35+00:00\",\"dateModified\":\"2021-10-14T09:39:12+00:00\",\"inLanguage\":\"fr-FR\",\"potentialAction\":[{\"@type\":\"ReadAction\",\"target\":[\"https:\/\/sbx82.cod.cc\/cfao\/supeco\/ouverture-dun-3eme-supermarche-supeco\/\"]}]},{\"@type\":\"ImageObject\",\"inLanguage\":\"fr-FR\",\"@id\":\"https:\/\/sbx82.cod.cc\/cfao\/supeco\/ouverture-dun-3eme-supermarche-supeco\/#primaryimage\",\"url\":\"https:\/\/sbx82.cod.cc\/cfao\/supeco\/wp-content\/uploads\/2021\/10\/Ouvert.jpg\",\"contentUrl\":\"https:\/\/sbx82.cod.cc\/cfao\/supeco\/wp-content\/uploads\/2021\/10\/Ouvert.jpg\",\"width\":1131,\"height\":515,\"caption\":\"Ouverture de Supeco Toit rouge \u00e0 Yopougon, Abidjan, 3\u00e8me supermarche CFAO Retail\"},{\"@type\":\"WebSite\",\"@id\":\"https:\/\/sbx82.cod.cc\/cfao\/supeco\/#website\",\"url\":\"https:\/\/sbx82.cod.cc\/cfao\/supeco\/\",\"name\":\"Supeco\",\"description\":\"Supermarch\u00e9 \u00e9conomique - permet de r\u00e9aliser des \u00e9conomies tous les jours\",\"publisher\":{\"@id\":\"https:\/\/sbx82.cod.cc\/cfao\/supeco\/#organization\"},\"potentialAction\":[{\"@type\":\"SearchAction\",\"target\":{\"@type\":\"EntryPoint\",\"urlTemplate\":\"https:\/\/sbx82.cod.cc\/cfao\/supeco\/?s={search_term_string}\"},\"query-input\":{\"@type\":\"PropertyValueSpecification\",\"valueRequired\":true,\"valueName\":\"search_term_string\"}}],\"inLanguage\":\"fr-FR\"},{\"@type\":\"Organization\",\"@id\":\"https:\/\/sbx82.cod.cc\/cfao\/supeco\/#organization\",\"name\":\"Supeco\",\"url\":\"https:\/\/sbx82.cod.cc\/cfao\/supeco\/\",\"logo\":{\"@type\":\"ImageObject\",\"inLanguage\":\"fr-FR\",\"@id\":\"https:\/\/sbx82.cod.cc\/cfao\/supeco\/#\/schema\/logo\/image\/\",\"url\":\"https:\/\/sbx82.cod.cc\/cfao\/supeco\/wp-content\/uploads\/2019\/03\/supeco-baseline-rectangle-logo.gif\",\"contentUrl\":\"https:\/\/sbx82.cod.cc\/cfao\/supeco\/wp-content\/uploads\/2019\/03\/supeco-baseline-rectangle-logo.gif\",\"width\":200,\"height\":73,\"caption\":\"Supeco\"},\"image\":{\"@id\":\"https:\/\/sbx82.cod.cc\/cfao\/supeco\/#\/schema\/logo\/image\/\"},\"sameAs\":[\"https:\/\/www.linkedin.com\/company\/28987507\/\"]},{\"@type\":\"Person\",\"@id\":\"https:\/\/sbx82.cod.cc\/cfao\/supeco\/#\/schema\/person\/66601bd6800fb2547f4eee445abe10bb\",\"name\":\"Christine Calvez\",\"image\":{\"@type\":\"ImageObject\",\"inLanguage\":\"fr-FR\",\"@id\":\"https:\/\/sbx82.cod.cc\/cfao\/supeco\/#\/schema\/person\/image\/\",\"url\":\"https:\/\/secure.gravatar.com\/avatar\/19d1c6312d74fc37040a2e397d7574bd47e0b45943d4f4303c9a2d046303ebcf?s=96&d=mm&r=g\",\"contentUrl\":\"https:\/\/secure.gravatar.com\/avatar\/19d1c6312d74fc37040a2e397d7574bd47e0b45943d4f4303c9a2d046303ebcf?s=96&d=mm&r=g\",\"caption\":\"Christine Calvez\"},\"url\":\"https:\/\/sbx82.cod.cc\/cfao\/supeco\/author\/ccalvezcfao-com\/\"}]}<\/script>\n<!-- \/ Yoast SEO plugin. -->","yoast_head_json":{"title":"Ouverture d'un 3\u00e8me Supeco - Supeco","robots":{"index":"index","follow":"follow","max-snippet":"max-snippet:-1","max-image-preview":"max-image-preview:large","max-video-preview":"max-video-preview:-1"},"canonical":"https:\/\/sbx82.cod.cc\/cfao\/supeco\/ouverture-dun-3eme-supermarche-supeco\/","og_locale":"fr_FR","og_type":"article","og_title":"Ouverture d'un 3\u00e8me Supeco - Supeco","og_description":"Ouverture d'un troisi\u00e8me supermarch\u00e9 Supeco par CFAO Retail en C\u00f4te d'Ivoire","og_url":"https:\/\/sbx82.cod.cc\/cfao\/supeco\/ouverture-dun-3eme-supermarche-supeco\/","og_site_name":"Supeco","article_published_time":"2021-10-14T09:38:35+00:00","article_modified_time":"2021-10-14T09:39:12+00:00","og_image":[{"width":1131,"height":515,"url":"https:\/\/sbx82.cod.cc\/cfao\/supeco\/wp-content\/uploads\/2021\/10\/Ouvert.jpg","type":"image\/jpeg"}],"author":"Christine Calvez","twitter_card":"summary_large_image","twitter_misc":{"\u00c9crit par":"Christine Calvez","Dur\u00e9e de lecture estim\u00e9e":"2 minutes"},"schema":{"@context":"https:\/\/schema.org","@graph":[{"@type":"Article","@id":"https:\/\/sbx82.cod.cc\/cfao\/supeco\/ouverture-dun-3eme-supermarche-supeco\/#article","isPartOf":{"@id":"https:\/\/sbx82.cod.cc\/cfao\/supeco\/ouverture-dun-3eme-supermarche-supeco\/"},"author":{"name":"Christine Calvez","@id":"https:\/\/sbx82.cod.cc\/cfao\/supeco\/#\/schema\/person\/66601bd6800fb2547f4eee445abe10bb"},"headline":"Ouverture d&rsquo;un 3\u00e8me Supeco","datePublished":"2021-10-14T09:38:35+00:00","dateModified":"2021-10-14T09:39:12+00:00","mainEntityOfPage":{"@id":"https:\/\/sbx82.cod.cc\/cfao\/supeco\/ouverture-dun-3eme-supermarche-supeco\/"},"wordCount":477,"publisher":{"@id":"https:\/\/sbx82.cod.cc\/cfao\/supeco\/#organization"},"image":{"@id":"https:\/\/sbx82.cod.cc\/cfao\/supeco\/ouverture-dun-3eme-supermarche-supeco\/#primaryimage"},"thumbnailUrl":"https:\/\/sbx82.cod.cc\/cfao\/supeco\/wp-content\/uploads\/2021\/10\/Ouvert.jpg","articleSection":["Actualit\u00e9s","communiqu\u00e9 de presse"],"inLanguage":"fr-FR"},{"@type":"WebPage","@id":"https:\/\/sbx82.cod.cc\/cfao\/supeco\/ouverture-dun-3eme-supermarche-supeco\/","url":"https:\/\/sbx82.cod.cc\/cfao\/supeco\/ouverture-dun-3eme-supermarche-supeco\/","name":"Ouverture d'un 3\u00e8me Supeco - Supeco","isPartOf":{"@id":"https:\/\/sbx82.cod.cc\/cfao\/supeco\/#website"},"primaryImageOfPage":{"@id":"https:\/\/sbx82.cod.cc\/cfao\/supeco\/ouverture-dun-3eme-supermarche-supeco\/#primaryimage"},"image":{"@id":"https:\/\/sbx82.cod.cc\/cfao\/supeco\/ouverture-dun-3eme-supermarche-supeco\/#primaryimage"},"thumbnailUrl":"https:\/\/sbx82.cod.cc\/cfao\/supeco\/wp-content\/uploads\/2021\/10\/Ouvert.jpg","datePublished":"2021-10-14T09:38:35+00:00","dateModified":"2021-10-14T09:39:12+00:00","inLanguage":"fr-FR","potentialAction":[{"@type":"ReadAction","target":["https:\/\/sbx82.cod.cc\/cfao\/supeco\/ouverture-dun-3eme-supermarche-supeco\/"]}]},{"@type":"ImageObject","inLanguage":"fr-FR","@id":"https:\/\/sbx82.cod.cc\/cfao\/supeco\/ouverture-dun-3eme-supermarche-supeco\/#primaryimage","url":"https:\/\/sbx82.cod.cc\/cfao\/supeco\/wp-content\/uploads\/2021\/10\/Ouvert.jpg","contentUrl":"https:\/\/sbx82.cod.cc\/cfao\/supeco\/wp-content\/uploads\/2021\/10\/Ouvert.jpg","width":1131,"height":515,"caption":"Ouverture de Supeco Toit rouge \u00e0 Yopougon, Abidjan, 3\u00e8me supermarche CFAO Retail"},{"@type":"WebSite","@id":"https:\/\/sbx82.cod.cc\/cfao\/supeco\/#website","url":"https:\/\/sbx82.cod.cc\/cfao\/supeco\/","name":"Supeco","description":"Supermarch\u00e9 \u00e9conomique - permet de r\u00e9aliser des \u00e9conomies tous les jours","publisher":{"@id":"https:\/\/sbx82.cod.cc\/cfao\/supeco\/#organization"},"potentialAction":[{"@type":"SearchAction","target":{"@type":"EntryPoint","urlTemplate":"https:\/\/sbx82.cod.cc\/cfao\/supeco\/?s={search_term_string}"},"query-input":{"@type":"PropertyValueSpecification","valueRequired":true,"valueName":"search_term_string"}}],"inLanguage":"fr-FR"},{"@type":"Organization","@id":"https:\/\/sbx82.cod.cc\/cfao\/supeco\/#organization","name":"Supeco","url":"https:\/\/sbx82.cod.cc\/cfao\/supeco\/","logo":{"@type":"ImageObject","inLanguage":"fr-FR","@id":"https:\/\/sbx82.cod.cc\/cfao\/supeco\/#\/schema\/logo\/image\/","url":"https:\/\/sbx82.cod.cc\/cfao\/supeco\/wp-content\/uploads\/2019\/03\/supeco-baseline-rectangle-logo.gif","contentUrl":"https:\/\/sbx82.cod.cc\/cfao\/supeco\/wp-content\/uploads\/2019\/03\/supeco-baseline-rectangle-logo.gif","width":200,"height":73,"caption":"Supeco"},"image":{"@id":"https:\/\/sbx82.cod.cc\/cfao\/supeco\/#\/schema\/logo\/image\/"},"sameAs":["https:\/\/www.linkedin.com\/company\/28987507\/"]},{"@type":"Person","@id":"https:\/\/sbx82.cod.cc\/cfao\/supeco\/#\/schema\/person\/66601bd6800fb2547f4eee445abe10bb","name":"Christine Calvez","image":{"@type":"ImageObject","inLanguage":"fr-FR","@id":"https:\/\/sbx82.cod.cc\/cfao\/supeco\/#\/schema\/person\/image\/","url":"https:\/\/secure.gravatar.com\/avatar\/19d1c6312d74fc37040a2e397d7574bd47e0b45943d4f4303c9a2d046303ebcf?s=96&d=mm&r=g","contentUrl":"https:\/\/secure.gravatar.com\/avatar\/19d1c6312d74fc37040a2e397d7574bd47e0b45943d4f4303c9a2d046303ebcf?s=96&d=mm&r=g","caption":"Christine Calvez"},"url":"https:\/\/sbx82.cod.cc\/cfao\/supeco\/author\/ccalvezcfao-com\/"}]}},"_links":{"self":[{"href":"https:\/\/sbx82.cod.cc\/cfao\/supeco\/wp-json\/wp\/v2\/posts\/2493","targetHints":{"allow":["GET"]}}],"collection":[{"href":"https:\/\/sbx82.cod.cc\/cfao\/supeco\/wp-json\/wp\/v2\/posts"}],"about":[{"href":"https:\/\/sbx82.cod.cc\/cfao\/supeco\/wp-json\/wp\/v2\/types\/post"}],"author":[{"embeddable":true,"href":"https:\/\/sbx82.cod.cc\/cfao\/supeco\/wp-json\/wp\/v2\/users\/2"}],"replies":[{"embeddable":true,"href":"https:\/\/sbx82.cod.cc\/cfao\/supeco\/wp-json\/wp\/v2\/comments?post=2493"}],"version-history":[{"count":2,"href":"https:\/\/sbx82.cod.cc\/cfao\/supeco\/wp-json\/wp\/v2\/posts\/2493\/revisions"}],"predecessor-version":[{"id":2506,"href":"https:\/\/sbx82.cod.cc\/cfao\/supeco\/wp-json\/wp\/v2\/posts\/2493\/revisions\/2506"}],"wp:featuredmedia":[{"embeddable":true,"href":"https:\/\/sbx82.cod.cc\/cfao\/supeco\/wp-json\/wp\/v2\/media\/2495"}],"wp:attachment":[{"href":"https:\/\/sbx82.cod.cc\/cfao\/supeco\/wp-json\/wp\/v2\/media?parent=2493"}],"wp:term":[{"taxonomy":"category","embeddable":true,"href":"https:\/\/sbx82.cod.cc\/cfao\/supeco\/wp-json\/wp\/v2\/categories?post=2493"},{"taxonomy":"post_tag","embeddable":true,"href":"https:\/\/sbx82.cod.cc\/cfao\/supeco\/wp-json\/wp\/v2\/tags?post=2493"}],"curies":[{"name":"wp","href":"https:\/\/api.w.org\/{rel}","templated":true}]}}