{"id":2464,"date":"2021-04-14T14:18:02","date_gmt":"2021-04-14T12:18:02","guid":{"rendered":"https:\/\/sbx82.cod.cc\/cfao\/supeco\/?p=2464"},"modified":"2021-04-14T14:18:03","modified_gmt":"2021-04-14T12:18:03","slug":"operation-collecte-de-denrees-alimentaires","status":"publish","type":"post","link":"https:\/\/sbx82.cod.cc\/cfao\/supeco\/operation-collecte-de-denrees-alimentaires\/","title":{"rendered":"Op\u00e9ration collecte de denr\u00e9es alimentaires"},"content":{"rendered":"\n<h5 class=\"wp-block-heading\">Supeco partenaire de la Banque Alimentaire de C\u00f4te d&rsquo;Ivoire pour son week-end de collecte nationale de denr\u00e9es alimentaires.<\/h5>\n\n\n\n<figure class=\"wp-block-image size-large\"><img fetchpriority=\"high\" decoding=\"async\" width=\"900\" height=\"900\" src=\"https:\/\/sbx82.cod.cc\/cfao\/supeco\/wp-content\/uploads\/2021\/04\/supeco-banque-alimentaire.jpg\" alt=\"\" class=\"wp-image-2465\" srcset=\"https:\/\/sbx82.cod.cc\/cfao\/supeco\/wp-content\/uploads\/2021\/04\/supeco-banque-alimentaire.jpg 900w, https:\/\/sbx82.cod.cc\/cfao\/supeco\/wp-content\/uploads\/2021\/04\/supeco-banque-alimentaire-300x300.jpg 300w, https:\/\/sbx82.cod.cc\/cfao\/supeco\/wp-content\/uploads\/2021\/04\/supeco-banque-alimentaire-150x150.jpg 150w, https:\/\/sbx82.cod.cc\/cfao\/supeco\/wp-content\/uploads\/2021\/04\/supeco-banque-alimentaire-768x768.jpg 768w\" sizes=\"(max-width: 900px) 100vw, 900px\" \/><\/figure>\n\n\n\n<p>Du 16 au 18 avril 2021, Supeco accueille la Banque Alimentaire dans ses magasins Sup\u00e9co Niangon et Sup\u00e9co Terminus 47 &#8211; Yopougon, Abidjan. L&rsquo;objectif est d&rsquo;inviter chaque client qui le souhaite \u00e0 participer \u00e0 la collecte alimentaire en faveur des plus d\u00e9munis en offrant aux b\u00e9n\u00e9voles qui seront pr\u00e9sents une ou plusieurs denr\u00e9es. <\/p>\n\n\n\n<p>Un geste solidaire qui compte puisque plus de 40 000 personnes r\u00e9partis dans le pays ont d\u00e9j\u00e0 b\u00e9n\u00e9fici\u00e9 des actions de la Banque Alimentaire en C\u00f4te d&rsquo;Ivoire. <\/p>\n","protected":false},"excerpt":{"rendered":"<p>Supeco partenaire de la Banque Alimentaire de C\u00f4te d&rsquo;Ivoire pour son week-end de collecte nationale de denr\u00e9es alimentaires. Du 16 au 18 avril 2021, Supeco accueille la Banque Alimentaire dans ses magasins Sup\u00e9co Niangon et Sup\u00e9co Terminus 47 &#8211; Yopougon, Abidjan. L&rsquo;objectif est d&rsquo;inviter chaque client qui le souhaite \u00e0 participer \u00e0 la collecte alimentaire [&hellip;]<\/p>\n","protected":false},"author":2,"featured_media":2266,"comment_status":"closed","ping_status":"closed","sticky":true,"template":"","format":"standard","meta":{"_acf_changed":false,"footnotes":""},"categories":[20],"tags":[],"class_list":["post-2464","post","type-post","status-publish","format-standard","has-post-thumbnail","hentry","category-news"],"pp_force_visibility":null,"pp_subpost_visibility":null,"pp_inherited_force_visibility":null,"pp_inherited_subpost_visibility":null,"acf":[],"yoast_head":"<!-- This site is optimized with the Yoast SEO plugin v25.2 - https:\/\/yoast.com\/wordpress\/plugins\/seo\/ -->\n<title>Op\u00e9ration collecte de denr\u00e9es alimentaires - Supeco<\/title>\n<meta name=\"robots\" content=\"index, follow, max-snippet:-1, max-image-preview:large, max-video-preview:-1\" \/>\n<link rel=\"canonical\" href=\"https:\/\/sbx82.cod.cc\/cfao\/supeco\/operation-collecte-de-denrees-alimentaires\/\" \/>\n<meta property=\"og:locale\" content=\"fr_FR\" \/>\n<meta property=\"og:type\" content=\"article\" \/>\n<meta property=\"og:title\" content=\"Op\u00e9ration collecte de denr\u00e9es alimentaires - Supeco\" \/>\n<meta property=\"og:description\" content=\"Supeco partenaire de la Banque Alimentaire de C\u00f4te d&rsquo;Ivoire pour son week-end de collecte nationale de denr\u00e9es alimentaires. Du 16 au 18 avril 2021, Supeco accueille la Banque Alimentaire dans ses magasins Sup\u00e9co Niangon et Sup\u00e9co Terminus 47 &#8211; Yopougon, Abidjan. L&rsquo;objectif est d&rsquo;inviter chaque client qui le souhaite \u00e0 participer \u00e0 la collecte alimentaire [&hellip;]\" \/>\n<meta property=\"og:url\" content=\"https:\/\/sbx82.cod.cc\/cfao\/supeco\/operation-collecte-de-denrees-alimentaires\/\" \/>\n<meta property=\"og:site_name\" content=\"Supeco\" \/>\n<meta property=\"article:published_time\" content=\"2021-04-14T12:18:02+00:00\" \/>\n<meta property=\"article:modified_time\" content=\"2021-04-14T12:18:03+00:00\" \/>\n<meta property=\"og:image\" content=\"https:\/\/sbx82.cod.cc\/cfao\/supeco\/wp-content\/uploads\/2020\/05\/Supeco-1.jpg\" \/>\n\t<meta property=\"og:image:width\" content=\"626\" \/>\n\t<meta property=\"og:image:height\" content=\"625\" \/>\n\t<meta property=\"og:image:type\" content=\"image\/jpeg\" \/>\n<meta name=\"author\" content=\"Christine Calvez\" \/>\n<meta name=\"twitter:card\" content=\"summary_large_image\" \/>\n<meta name=\"twitter:label1\" content=\"\u00c9crit par\" \/>\n\t<meta name=\"twitter:data1\" content=\"Christine Calvez\" \/>\n\t<meta name=\"twitter:label2\" content=\"Dur\u00e9e de lecture estim\u00e9e\" \/>\n\t<meta name=\"twitter:data2\" content=\"1 minute\" \/>\n<script type=\"application\/ld+json\" class=\"yoast-schema-graph\">{\"@context\":\"https:\/\/schema.org\",\"@graph\":[{\"@type\":\"Article\",\"@id\":\"https:\/\/sbx82.cod.cc\/cfao\/supeco\/operation-collecte-de-denrees-alimentaires\/#article\",\"isPartOf\":{\"@id\":\"https:\/\/sbx82.cod.cc\/cfao\/supeco\/operation-collecte-de-denrees-alimentaires\/\"},\"author\":{\"name\":\"Christine Calvez\",\"@id\":\"https:\/\/sbx82.cod.cc\/cfao\/supeco\/#\/schema\/person\/66601bd6800fb2547f4eee445abe10bb\"},\"headline\":\"Op\u00e9ration collecte de denr\u00e9es alimentaires\",\"datePublished\":\"2021-04-14T12:18:02+00:00\",\"dateModified\":\"2021-04-14T12:18:03+00:00\",\"mainEntityOfPage\":{\"@id\":\"https:\/\/sbx82.cod.cc\/cfao\/supeco\/operation-collecte-de-denrees-alimentaires\/\"},\"wordCount\":115,\"publisher\":{\"@id\":\"https:\/\/sbx82.cod.cc\/cfao\/supeco\/#organization\"},\"image\":{\"@id\":\"https:\/\/sbx82.cod.cc\/cfao\/supeco\/operation-collecte-de-denrees-alimentaires\/#primaryimage\"},\"thumbnailUrl\":\"https:\/\/sbx82.cod.cc\/cfao\/supeco\/wp-content\/uploads\/2020\/05\/Supeco-1.jpg\",\"articleSection\":[\"Actualit\u00e9s\"],\"inLanguage\":\"fr-FR\"},{\"@type\":\"WebPage\",\"@id\":\"https:\/\/sbx82.cod.cc\/cfao\/supeco\/operation-collecte-de-denrees-alimentaires\/\",\"url\":\"https:\/\/sbx82.cod.cc\/cfao\/supeco\/operation-collecte-de-denrees-alimentaires\/\",\"name\":\"Op\u00e9ration collecte de denr\u00e9es alimentaires - Supeco\",\"isPartOf\":{\"@id\":\"https:\/\/sbx82.cod.cc\/cfao\/supeco\/#website\"},\"primaryImageOfPage\":{\"@id\":\"https:\/\/sbx82.cod.cc\/cfao\/supeco\/operation-collecte-de-denrees-alimentaires\/#primaryimage\"},\"image\":{\"@id\":\"https:\/\/sbx82.cod.cc\/cfao\/supeco\/operation-collecte-de-denrees-alimentaires\/#primaryimage\"},\"thumbnailUrl\":\"https:\/\/sbx82.cod.cc\/cfao\/supeco\/wp-content\/uploads\/2020\/05\/Supeco-1.jpg\",\"datePublished\":\"2021-04-14T12:18:02+00:00\",\"dateModified\":\"2021-04-14T12:18:03+00:00\",\"inLanguage\":\"fr-FR\",\"potentialAction\":[{\"@type\":\"ReadAction\",\"target\":[\"https:\/\/sbx82.cod.cc\/cfao\/supeco\/operation-collecte-de-denrees-alimentaires\/\"]}]},{\"@type\":\"ImageObject\",\"inLanguage\":\"fr-FR\",\"@id\":\"https:\/\/sbx82.cod.cc\/cfao\/supeco\/operation-collecte-de-denrees-alimentaires\/#primaryimage\",\"url\":\"https:\/\/sbx82.cod.cc\/cfao\/supeco\/wp-content\/uploads\/2020\/05\/Supeco-1.jpg\",\"contentUrl\":\"https:\/\/sbx82.cod.cc\/cfao\/supeco\/wp-content\/uploads\/2020\/05\/Supeco-1.jpg\",\"width\":626,\"height\":625},{\"@type\":\"WebSite\",\"@id\":\"https:\/\/sbx82.cod.cc\/cfao\/supeco\/#website\",\"url\":\"https:\/\/sbx82.cod.cc\/cfao\/supeco\/\",\"name\":\"Supeco\",\"description\":\"Supermarch\u00e9 \u00e9conomique - permet de r\u00e9aliser des \u00e9conomies tous les jours\",\"publisher\":{\"@id\":\"https:\/\/sbx82.cod.cc\/cfao\/supeco\/#organization\"},\"potentialAction\":[{\"@type\":\"SearchAction\",\"target\":{\"@type\":\"EntryPoint\",\"urlTemplate\":\"https:\/\/sbx82.cod.cc\/cfao\/supeco\/?s={search_term_string}\"},\"query-input\":{\"@type\":\"PropertyValueSpecification\",\"valueRequired\":true,\"valueName\":\"search_term_string\"}}],\"inLanguage\":\"fr-FR\"},{\"@type\":\"Organization\",\"@id\":\"https:\/\/sbx82.cod.cc\/cfao\/supeco\/#organization\",\"name\":\"Supeco\",\"url\":\"https:\/\/sbx82.cod.cc\/cfao\/supeco\/\",\"logo\":{\"@type\":\"ImageObject\",\"inLanguage\":\"fr-FR\",\"@id\":\"https:\/\/sbx82.cod.cc\/cfao\/supeco\/#\/schema\/logo\/image\/\",\"url\":\"https:\/\/sbx82.cod.cc\/cfao\/supeco\/wp-content\/uploads\/2019\/03\/supeco-baseline-rectangle-logo.gif\",\"contentUrl\":\"https:\/\/sbx82.cod.cc\/cfao\/supeco\/wp-content\/uploads\/2019\/03\/supeco-baseline-rectangle-logo.gif\",\"width\":200,\"height\":73,\"caption\":\"Supeco\"},\"image\":{\"@id\":\"https:\/\/sbx82.cod.cc\/cfao\/supeco\/#\/schema\/logo\/image\/\"},\"sameAs\":[\"https:\/\/www.linkedin.com\/company\/28987507\/\"]},{\"@type\":\"Person\",\"@id\":\"https:\/\/sbx82.cod.cc\/cfao\/supeco\/#\/schema\/person\/66601bd6800fb2547f4eee445abe10bb\",\"name\":\"Christine Calvez\",\"image\":{\"@type\":\"ImageObject\",\"inLanguage\":\"fr-FR\",\"@id\":\"https:\/\/sbx82.cod.cc\/cfao\/supeco\/#\/schema\/person\/image\/\",\"url\":\"https:\/\/secure.gravatar.com\/avatar\/19d1c6312d74fc37040a2e397d7574bd47e0b45943d4f4303c9a2d046303ebcf?s=96&d=mm&r=g\",\"contentUrl\":\"https:\/\/secure.gravatar.com\/avatar\/19d1c6312d74fc37040a2e397d7574bd47e0b45943d4f4303c9a2d046303ebcf?s=96&d=mm&r=g\",\"caption\":\"Christine Calvez\"},\"url\":\"https:\/\/sbx82.cod.cc\/cfao\/supeco\/author\/ccalvezcfao-com\/\"}]}<\/script>\n<!-- \/ Yoast SEO plugin. -->","yoast_head_json":{"title":"Op\u00e9ration collecte de denr\u00e9es alimentaires - Supeco","robots":{"index":"index","follow":"follow","max-snippet":"max-snippet:-1","max-image-preview":"max-image-preview:large","max-video-preview":"max-video-preview:-1"},"canonical":"https:\/\/sbx82.cod.cc\/cfao\/supeco\/operation-collecte-de-denrees-alimentaires\/","og_locale":"fr_FR","og_type":"article","og_title":"Op\u00e9ration collecte de denr\u00e9es alimentaires - Supeco","og_description":"Supeco partenaire de la Banque Alimentaire de C\u00f4te d&rsquo;Ivoire pour son week-end de collecte nationale de denr\u00e9es alimentaires. Du 16 au 18 avril 2021, Supeco accueille la Banque Alimentaire dans ses magasins Sup\u00e9co Niangon et Sup\u00e9co Terminus 47 &#8211; Yopougon, Abidjan. L&rsquo;objectif est d&rsquo;inviter chaque client qui le souhaite \u00e0 participer \u00e0 la collecte alimentaire [&hellip;]","og_url":"https:\/\/sbx82.cod.cc\/cfao\/supeco\/operation-collecte-de-denrees-alimentaires\/","og_site_name":"Supeco","article_published_time":"2021-04-14T12:18:02+00:00","article_modified_time":"2021-04-14T12:18:03+00:00","og_image":[{"width":626,"height":625,"url":"https:\/\/sbx82.cod.cc\/cfao\/supeco\/wp-content\/uploads\/2020\/05\/Supeco-1.jpg","type":"image\/jpeg"}],"author":"Christine Calvez","twitter_card":"summary_large_image","twitter_misc":{"\u00c9crit par":"Christine Calvez","Dur\u00e9e de lecture estim\u00e9e":"1 minute"},"schema":{"@context":"https:\/\/schema.org","@graph":[{"@type":"Article","@id":"https:\/\/sbx82.cod.cc\/cfao\/supeco\/operation-collecte-de-denrees-alimentaires\/#article","isPartOf":{"@id":"https:\/\/sbx82.cod.cc\/cfao\/supeco\/operation-collecte-de-denrees-alimentaires\/"},"author":{"name":"Christine Calvez","@id":"https:\/\/sbx82.cod.cc\/cfao\/supeco\/#\/schema\/person\/66601bd6800fb2547f4eee445abe10bb"},"headline":"Op\u00e9ration collecte de denr\u00e9es alimentaires","datePublished":"2021-04-14T12:18:02+00:00","dateModified":"2021-04-14T12:18:03+00:00","mainEntityOfPage":{"@id":"https:\/\/sbx82.cod.cc\/cfao\/supeco\/operation-collecte-de-denrees-alimentaires\/"},"wordCount":115,"publisher":{"@id":"https:\/\/sbx82.cod.cc\/cfao\/supeco\/#organization"},"image":{"@id":"https:\/\/sbx82.cod.cc\/cfao\/supeco\/operation-collecte-de-denrees-alimentaires\/#primaryimage"},"thumbnailUrl":"https:\/\/sbx82.cod.cc\/cfao\/supeco\/wp-content\/uploads\/2020\/05\/Supeco-1.jpg","articleSection":["Actualit\u00e9s"],"inLanguage":"fr-FR"},{"@type":"WebPage","@id":"https:\/\/sbx82.cod.cc\/cfao\/supeco\/operation-collecte-de-denrees-alimentaires\/","url":"https:\/\/sbx82.cod.cc\/cfao\/supeco\/operation-collecte-de-denrees-alimentaires\/","name":"Op\u00e9ration collecte de denr\u00e9es alimentaires - Supeco","isPartOf":{"@id":"https:\/\/sbx82.cod.cc\/cfao\/supeco\/#website"},"primaryImageOfPage":{"@id":"https:\/\/sbx82.cod.cc\/cfao\/supeco\/operation-collecte-de-denrees-alimentaires\/#primaryimage"},"image":{"@id":"https:\/\/sbx82.cod.cc\/cfao\/supeco\/operation-collecte-de-denrees-alimentaires\/#primaryimage"},"thumbnailUrl":"https:\/\/sbx82.cod.cc\/cfao\/supeco\/wp-content\/uploads\/2020\/05\/Supeco-1.jpg","datePublished":"2021-04-14T12:18:02+00:00","dateModified":"2021-04-14T12:18:03+00:00","inLanguage":"fr-FR","potentialAction":[{"@type":"ReadAction","target":["https:\/\/sbx82.cod.cc\/cfao\/supeco\/operation-collecte-de-denrees-alimentaires\/"]}]},{"@type":"ImageObject","inLanguage":"fr-FR","@id":"https:\/\/sbx82.cod.cc\/cfao\/supeco\/operation-collecte-de-denrees-alimentaires\/#primaryimage","url":"https:\/\/sbx82.cod.cc\/cfao\/supeco\/wp-content\/uploads\/2020\/05\/Supeco-1.jpg","contentUrl":"https:\/\/sbx82.cod.cc\/cfao\/supeco\/wp-content\/uploads\/2020\/05\/Supeco-1.jpg","width":626,"height":625},{"@type":"WebSite","@id":"https:\/\/sbx82.cod.cc\/cfao\/supeco\/#website","url":"https:\/\/sbx82.cod.cc\/cfao\/supeco\/","name":"Supeco","description":"Supermarch\u00e9 \u00e9conomique - permet de r\u00e9aliser des \u00e9conomies tous les jours","publisher":{"@id":"https:\/\/sbx82.cod.cc\/cfao\/supeco\/#organization"},"potentialAction":[{"@type":"SearchAction","target":{"@type":"EntryPoint","urlTemplate":"https:\/\/sbx82.cod.cc\/cfao\/supeco\/?s={search_term_string}"},"query-input":{"@type":"PropertyValueSpecification","valueRequired":true,"valueName":"search_term_string"}}],"inLanguage":"fr-FR"},{"@type":"Organization","@id":"https:\/\/sbx82.cod.cc\/cfao\/supeco\/#organization","name":"Supeco","url":"https:\/\/sbx82.cod.cc\/cfao\/supeco\/","logo":{"@type":"ImageObject","inLanguage":"fr-FR","@id":"https:\/\/sbx82.cod.cc\/cfao\/supeco\/#\/schema\/logo\/image\/","url":"https:\/\/sbx82.cod.cc\/cfao\/supeco\/wp-content\/uploads\/2019\/03\/supeco-baseline-rectangle-logo.gif","contentUrl":"https:\/\/sbx82.cod.cc\/cfao\/supeco\/wp-content\/uploads\/2019\/03\/supeco-baseline-rectangle-logo.gif","width":200,"height":73,"caption":"Supeco"},"image":{"@id":"https:\/\/sbx82.cod.cc\/cfao\/supeco\/#\/schema\/logo\/image\/"},"sameAs":["https:\/\/www.linkedin.com\/company\/28987507\/"]},{"@type":"Person","@id":"https:\/\/sbx82.cod.cc\/cfao\/supeco\/#\/schema\/person\/66601bd6800fb2547f4eee445abe10bb","name":"Christine Calvez","image":{"@type":"ImageObject","inLanguage":"fr-FR","@id":"https:\/\/sbx82.cod.cc\/cfao\/supeco\/#\/schema\/person\/image\/","url":"https:\/\/secure.gravatar.com\/avatar\/19d1c6312d74fc37040a2e397d7574bd47e0b45943d4f4303c9a2d046303ebcf?s=96&d=mm&r=g","contentUrl":"https:\/\/secure.gravatar.com\/avatar\/19d1c6312d74fc37040a2e397d7574bd47e0b45943d4f4303c9a2d046303ebcf?s=96&d=mm&r=g","caption":"Christine Calvez"},"url":"https:\/\/sbx82.cod.cc\/cfao\/supeco\/author\/ccalvezcfao-com\/"}]}},"_links":{"self":[{"href":"https:\/\/sbx82.cod.cc\/cfao\/supeco\/wp-json\/wp\/v2\/posts\/2464","targetHints":{"allow":["GET"]}}],"collection":[{"href":"https:\/\/sbx82.cod.cc\/cfao\/supeco\/wp-json\/wp\/v2\/posts"}],"about":[{"href":"https:\/\/sbx82.cod.cc\/cfao\/supeco\/wp-json\/wp\/v2\/types\/post"}],"author":[{"embeddable":true,"href":"https:\/\/sbx82.cod.cc\/cfao\/supeco\/wp-json\/wp\/v2\/users\/2"}],"replies":[{"embeddable":true,"href":"https:\/\/sbx82.cod.cc\/cfao\/supeco\/wp-json\/wp\/v2\/comments?post=2464"}],"version-history":[{"count":1,"href":"https:\/\/sbx82.cod.cc\/cfao\/supeco\/wp-json\/wp\/v2\/posts\/2464\/revisions"}],"predecessor-version":[{"id":2466,"href":"https:\/\/sbx82.cod.cc\/cfao\/supeco\/wp-json\/wp\/v2\/posts\/2464\/revisions\/2466"}],"wp:featuredmedia":[{"embeddable":true,"href":"https:\/\/sbx82.cod.cc\/cfao\/supeco\/wp-json\/wp\/v2\/media\/2266"}],"wp:attachment":[{"href":"https:\/\/sbx82.cod.cc\/cfao\/supeco\/wp-json\/wp\/v2\/media?parent=2464"}],"wp:term":[{"taxonomy":"category","embeddable":true,"href":"https:\/\/sbx82.cod.cc\/cfao\/supeco\/wp-json\/wp\/v2\/categories?post=2464"},{"taxonomy":"post_tag","embeddable":true,"href":"https:\/\/sbx82.cod.cc\/cfao\/supeco\/wp-json\/wp\/v2\/tags?post=2464"}],"curies":[{"name":"wp","href":"https:\/\/api.w.org\/{rel}","templated":true}]}}