{"id":2409,"date":"2021-02-04T17:20:34","date_gmt":"2021-02-04T16:20:34","guid":{"rendered":"https:\/\/sbx82.cod.cc\/cfao\/supeco\/?p=2409"},"modified":"2021-04-07T11:58:03","modified_gmt":"2021-04-07T09:58:03","slug":"ouverture-du-deuxieme-supeco-de-cote-divoire","status":"publish","type":"post","link":"https:\/\/sbx82.cod.cc\/cfao\/supeco\/ouverture-du-deuxieme-supeco-de-cote-divoire\/","title":{"rendered":"Ouverture du deuxi\u00e8me Sup\u00e9co de C\u00f4te d&rsquo;Ivoire"},"content":{"rendered":"\n<p><strong>L\u2019enseigne dee proxilit\u00e9 propose les prix les plus bas de son march\u00e9<\/strong><\/p>\n\n\n\n<p><strong>Abidjan, le 4 f\u00e9vrier 2021.<\/strong> Le deuxi\u00e8me supermarch\u00e9 Sup\u00e9co de C\u00f4te d\u2019Ivoire a \u00e9t\u00e9 inaugur\u00e9 ce jour \u00e0 Yopougon dans le quartier de Sogephia \u00e0 Abidjan en pr\u00e9sence de Messieurs Jean-Christophe Brindeau, Directeur g\u00e9n\u00e9ral de CFAO Retail et Pascal Bordeaux, Directeur g\u00e9n\u00e9ral de CFAO Retail en C\u00f4te d\u2019Ivoire. <\/p>\n\n\n\n<p>Apr\u00e8s l\u2019ouverture,\nil y a tout juste un an, du premier supermarch\u00e9 Sup\u00e9co Niangon de C\u00f4te d\u2019Ivoire\ndont le succ\u00e8s a \u00e9t\u00e9 imm\u00e9diat, CFAO Retail poursuit le d\u00e9ploiement de cette\nenseigne sp\u00e9cialement \u00e9tudi\u00e9e pour les \u00e9conomies \u00e9mergentes.<\/p>\n\n\n\n<figure class=\"wp-block-image\"><img fetchpriority=\"high\" decoding=\"async\" width=\"1024\" height=\"768\" src=\"https:\/\/sbx82.cod.cc\/cfao\/supeco\/wp-content\/uploads\/2021\/02\/20210204_092652-1024x768.jpg\" alt=\"\" class=\"wp-image-2412\" srcset=\"https:\/\/sbx82.cod.cc\/cfao\/supeco\/wp-content\/uploads\/2021\/02\/20210204_092652-1024x768.jpg 1024w, https:\/\/sbx82.cod.cc\/cfao\/supeco\/wp-content\/uploads\/2021\/02\/20210204_092652-300x225.jpg 300w, https:\/\/sbx82.cod.cc\/cfao\/supeco\/wp-content\/uploads\/2021\/02\/20210204_092652-768x576.jpg 768w\" sizes=\"(max-width: 1024px) 100vw, 1024px\" \/><figcaption>Bravo \u00e0 toute l&rsquo;\u00e9quipe de Supeco Terminus 47<\/figcaption><\/figure>\n\n\n\n<p>Monsieur\nMalick Niang, Directeur du projet Supeco pour CFAO Retail explique&nbsp;\u00ab&nbsp;<em>le concept Sup\u00e9co est diff\u00e9rent de celui des\nsupermarch\u00e9s concurrents parce qu\u2019il a \u00e9t\u00e9 \u00e9tudi\u00e9 pour rendre du pouvoir\nd\u2019achat \u00e0 nos clients. En effet, lorsque nous ouvrons un Sup\u00e9co, nous respectons\nun v\u00e9ritable programme d\u2019\u00e9conomies sur l\u2019am\u00e9nagement des magasins, la\nlogistique et le marketing tout en nous assurant d\u2019accueillir nos clients dans des\nmagasins aux standards internationaux. Cette d\u00e9marche rigoureuse nous permet\nd\u2019afficher les prix les plus bas du march\u00e9 et de contribuer \u00e0 am\u00e9liorer le\npouvoir d\u2019achat de nos clients<\/em>&nbsp;\u00bb. <\/p>\n\n\n\n<p>D\u2019une\nsurface de 750 m\u00b2, Sup\u00e9co Terminus 47 offre pr\u00e8s de 3000 r\u00e9f\u00e9rences alimentaires\net un large\nchoix de produits n\u00e9cessaires \u00e0 la vie quotidienne. Un parking de plus de 20\nplaces permet aux clients de faire leurs courses avec un r\u00e9el confort.<\/p>\n\n\n\n<p>Sup\u00e9co\nTerminus 47 emploie 20 collaborateurs, majoritairement promus depuis les autres\nsites de CFAO Retail en C\u00f4te d\u2019Ivoire. Chacun d\u2019entre eux a suivi pr\u00e8s de 25\nheures de formation pour pouvoir assurer le r\u00f4le polyvalent demand\u00e9 aux \u00e9quipes\nSup\u00e9co.<\/p>\n\n\n\n<figure class=\"wp-block-image\"><img decoding=\"async\" width=\"1024\" height=\"768\" src=\"https:\/\/sbx82.cod.cc\/cfao\/supeco\/wp-content\/uploads\/2021\/02\/20210204_094303-1024x768.jpg\" alt=\"\" class=\"wp-image-2411\" srcset=\"https:\/\/sbx82.cod.cc\/cfao\/supeco\/wp-content\/uploads\/2021\/02\/20210204_094303-1024x768.jpg 1024w, https:\/\/sbx82.cod.cc\/cfao\/supeco\/wp-content\/uploads\/2021\/02\/20210204_094303-300x225.jpg 300w, https:\/\/sbx82.cod.cc\/cfao\/supeco\/wp-content\/uploads\/2021\/02\/20210204_094303-768x576.jpg 768w\" sizes=\"(max-width: 1024px) 100vw, 1024px\" \/><\/figure>\n\n\n\n<p>Lopez Ferdinand N\u2019Tapke Owochi, Responsable du\nmagasin Sup\u00e9co Terminus 47 explique&nbsp;: \u00ab&nbsp;<em>Notre objectif est d\u2019\u00eatre au c\u0153ur des quartiers et de r\u00e9pondre aux\nattentes de nos clients. Nous d\u00e9veloppons des partenariats avec plusieurs fournisseurs\net favorisons la proximit\u00e9 et les circuits courts. Notre rayon boucherie est par\nexemple confi\u00e9 \u00e0 une soci\u00e9t\u00e9 ivoirienne bien connue \u00e9galement partenaire de Sup\u00e9co\nNiangon. Nous avons aussi plusieurs partenaires en fruits et l\u00e9gumes. C\u2019est cela\nle concept Sup\u00e9co&nbsp;: offrir des produits de qualit\u00e9 et tra\u00e7ables \u00e0 prix\ntr\u00e8s bas et dans des magasins aux standards internationaux<\/em>&nbsp;\u00bb.&nbsp;<\/p>\n\n\n\n<p>L\u2019ouverture\nde Sup\u00e9co Terminus 47 d\u00e9montre la d\u00e9termination de CFAO Retail de se\npositionner sur une offre de qualit\u00e9 au prix les plus bas du march\u00e9. En C\u00f4te\nd\u2019Ivoire, CFAO Retail compte d\u00e9sormais deux supermarch\u00e9s \u00e9conomiques Supeco,\ndeux centres commerciaux PlaYce, un hypermarch\u00e9 Carrefour et deux supermarch\u00e9s\nCarrefour Market. Un \u00e9ventail d\u2019enseignes qui lui permet de s\u2019adresser l\u2019ensemble\ndes consommateurs. <\/p>\n\n\n\n<p>En Afrique\nsubsaharienne, la C\u00f4te d\u2019Ivoire est le 2<sup>e<\/sup> pays \u00e0 accueillir\nl\u2019enseigne Supeco d\u00e9j\u00e0 pr\u00e9sente \u00e0 Dakar, S\u00e9n\u00e9gal, depuis en 2019.<\/p>\n\n\n\n<p><strong><em>\u00c0\npropos de CFAO Retail&nbsp;<\/em><\/strong><\/p>\n\n\n\n<p><em>CFAO Retail d\u00e9ploie dans trois pays\nd\u2019Afrique subsaharienne une strat\u00e9gie ambitieuse de d\u00e9veloppement d\u2019enseignes\ncommerciales en partenariat avec Carrefour. Fruit de la rencontre entre un\nsavoir-faire m\u00e9tier et une connaissance approfondie des circuits de\ndistribution en Afrique, CFAO Retail propose une offre adapt\u00e9e \u00e0 chacun des\nterritoires dans lesquels il op\u00e8re. En d\u00e9ployant les centres commerciaux\nPlaYce, les enseignes Carrefour et les magasins Supeco, le groupe CFAO r\u00e9pond \u00e0\nde nouveaux besoins de consommation moderne exprim\u00e9s par une client\u00e8le\nexigeante qui souhaite avoir acc\u00e8s \u00e0 une large gamme de produits \u00e0 un prix\nmaitris\u00e9. Dans chacun des pays o\u00f9 il se d\u00e9veloppe, CFAO Retail est un acteur\nengag\u00e9 dans l\u2019\u00e9conomie locale en investissant et valorisant des fili\u00e8res\nagroalimentaires dont les produits sont vendus dans les enseignes g\u00e9r\u00e9es par le\nGroupe.<\/em><em><\/em><\/p>\n\n\n\n<p><em>Pour en savoir plus sur CFAO Retail&nbsp;<\/em><a href=\"http:\/\/WWW.CFAO-RETAIL.COM\">http:\/\/www.cfao-retail.com<\/a><\/p>\n","protected":false},"excerpt":{"rendered":"<p>L\u2019enseigne dee proxilit\u00e9 propose les prix les plus bas de son march\u00e9 Abidjan, le 4 f\u00e9vrier 2021. Le deuxi\u00e8me supermarch\u00e9 Sup\u00e9co de C\u00f4te d\u2019Ivoire a \u00e9t\u00e9 inaugur\u00e9 ce jour \u00e0 Yopougon dans le quartier de Sogephia \u00e0 Abidjan en pr\u00e9sence de Messieurs Jean-Christophe Brindeau, Directeur g\u00e9n\u00e9ral de CFAO Retail et Pascal Bordeaux, Directeur g\u00e9n\u00e9ral de [&hellip;]<\/p>\n","protected":false},"author":2,"featured_media":2406,"comment_status":"closed","ping_status":"closed","sticky":true,"template":"","format":"standard","meta":{"_acf_changed":false,"footnotes":""},"categories":[20,14],"tags":[],"class_list":["post-2409","post","type-post","status-publish","format-standard","has-post-thumbnail","hentry","category-news","category-communique"],"pp_force_visibility":null,"pp_subpost_visibility":null,"pp_inherited_force_visibility":null,"pp_inherited_subpost_visibility":null,"acf":[],"yoast_head":"<!-- This site is optimized with the Yoast SEO plugin v25.2 - https:\/\/yoast.com\/wordpress\/plugins\/seo\/ -->\n<title>Ouverture du deuxi\u00e8me Sup\u00e9co de C\u00f4te d&#039;Ivoire - Supeco<\/title>\n<meta name=\"robots\" content=\"index, follow, max-snippet:-1, max-image-preview:large, max-video-preview:-1\" \/>\n<link rel=\"canonical\" href=\"https:\/\/sbx82.cod.cc\/cfao\/supeco\/ouverture-du-deuxieme-supeco-de-cote-divoire\/\" \/>\n<meta property=\"og:locale\" content=\"fr_FR\" \/>\n<meta property=\"og:type\" content=\"article\" \/>\n<meta property=\"og:title\" content=\"Ouverture du deuxi\u00e8me Sup\u00e9co de C\u00f4te d&#039;Ivoire - Supeco\" \/>\n<meta property=\"og:description\" content=\"L\u2019enseigne dee proxilit\u00e9 propose les prix les plus bas de son march\u00e9 Abidjan, le 4 f\u00e9vrier 2021. Le deuxi\u00e8me supermarch\u00e9 Sup\u00e9co de C\u00f4te d\u2019Ivoire a \u00e9t\u00e9 inaugur\u00e9 ce jour \u00e0 Yopougon dans le quartier de Sogephia \u00e0 Abidjan en pr\u00e9sence de Messieurs Jean-Christophe Brindeau, Directeur g\u00e9n\u00e9ral de CFAO Retail et Pascal Bordeaux, Directeur g\u00e9n\u00e9ral de [&hellip;]\" \/>\n<meta property=\"og:url\" content=\"https:\/\/sbx82.cod.cc\/cfao\/supeco\/ouverture-du-deuxieme-supeco-de-cote-divoire\/\" \/>\n<meta property=\"og:site_name\" content=\"Supeco\" \/>\n<meta property=\"article:published_time\" content=\"2021-02-04T16:20:34+00:00\" \/>\n<meta property=\"article:modified_time\" content=\"2021-04-07T09:58:03+00:00\" \/>\n<meta property=\"og:image\" content=\"https:\/\/sbx82.cod.cc\/cfao\/supeco\/wp-content\/uploads\/2021\/02\/T47-Ouvert.jpg\" \/>\n\t<meta property=\"og:image:width\" content=\"1772\" \/>\n\t<meta property=\"og:image:height\" content=\"812\" \/>\n\t<meta property=\"og:image:type\" content=\"image\/jpeg\" \/>\n<meta name=\"author\" content=\"Christine Calvez\" \/>\n<meta name=\"twitter:card\" content=\"summary_large_image\" \/>\n<meta name=\"twitter:label1\" content=\"\u00c9crit par\" \/>\n\t<meta name=\"twitter:data1\" content=\"Christine Calvez\" \/>\n\t<meta name=\"twitter:label2\" content=\"Dur\u00e9e de lecture estim\u00e9e\" \/>\n\t<meta name=\"twitter:data2\" content=\"4 minutes\" \/>\n<script type=\"application\/ld+json\" class=\"yoast-schema-graph\">{\"@context\":\"https:\/\/schema.org\",\"@graph\":[{\"@type\":\"Article\",\"@id\":\"https:\/\/sbx82.cod.cc\/cfao\/supeco\/ouverture-du-deuxieme-supeco-de-cote-divoire\/#article\",\"isPartOf\":{\"@id\":\"https:\/\/sbx82.cod.cc\/cfao\/supeco\/ouverture-du-deuxieme-supeco-de-cote-divoire\/\"},\"author\":{\"name\":\"Christine Calvez\",\"@id\":\"https:\/\/sbx82.cod.cc\/cfao\/supeco\/#\/schema\/person\/66601bd6800fb2547f4eee445abe10bb\"},\"headline\":\"Ouverture du deuxi\u00e8me Sup\u00e9co de C\u00f4te d&rsquo;Ivoire\",\"datePublished\":\"2021-02-04T16:20:34+00:00\",\"dateModified\":\"2021-04-07T09:58:03+00:00\",\"mainEntityOfPage\":{\"@id\":\"https:\/\/sbx82.cod.cc\/cfao\/supeco\/ouverture-du-deuxieme-supeco-de-cote-divoire\/\"},\"wordCount\":696,\"publisher\":{\"@id\":\"https:\/\/sbx82.cod.cc\/cfao\/supeco\/#organization\"},\"image\":{\"@id\":\"https:\/\/sbx82.cod.cc\/cfao\/supeco\/ouverture-du-deuxieme-supeco-de-cote-divoire\/#primaryimage\"},\"thumbnailUrl\":\"https:\/\/sbx82.cod.cc\/cfao\/supeco\/wp-content\/uploads\/2021\/02\/T47-Ouvert.jpg\",\"articleSection\":[\"Actualit\u00e9s\",\"communiqu\u00e9 de presse\"],\"inLanguage\":\"fr-FR\"},{\"@type\":\"WebPage\",\"@id\":\"https:\/\/sbx82.cod.cc\/cfao\/supeco\/ouverture-du-deuxieme-supeco-de-cote-divoire\/\",\"url\":\"https:\/\/sbx82.cod.cc\/cfao\/supeco\/ouverture-du-deuxieme-supeco-de-cote-divoire\/\",\"name\":\"Ouverture du deuxi\u00e8me Sup\u00e9co de C\u00f4te d'Ivoire - Supeco\",\"isPartOf\":{\"@id\":\"https:\/\/sbx82.cod.cc\/cfao\/supeco\/#website\"},\"primaryImageOfPage\":{\"@id\":\"https:\/\/sbx82.cod.cc\/cfao\/supeco\/ouverture-du-deuxieme-supeco-de-cote-divoire\/#primaryimage\"},\"image\":{\"@id\":\"https:\/\/sbx82.cod.cc\/cfao\/supeco\/ouverture-du-deuxieme-supeco-de-cote-divoire\/#primaryimage\"},\"thumbnailUrl\":\"https:\/\/sbx82.cod.cc\/cfao\/supeco\/wp-content\/uploads\/2021\/02\/T47-Ouvert.jpg\",\"datePublished\":\"2021-02-04T16:20:34+00:00\",\"dateModified\":\"2021-04-07T09:58:03+00:00\",\"inLanguage\":\"fr-FR\",\"potentialAction\":[{\"@type\":\"ReadAction\",\"target\":[\"https:\/\/sbx82.cod.cc\/cfao\/supeco\/ouverture-du-deuxieme-supeco-de-cote-divoire\/\"]}]},{\"@type\":\"ImageObject\",\"inLanguage\":\"fr-FR\",\"@id\":\"https:\/\/sbx82.cod.cc\/cfao\/supeco\/ouverture-du-deuxieme-supeco-de-cote-divoire\/#primaryimage\",\"url\":\"https:\/\/sbx82.cod.cc\/cfao\/supeco\/wp-content\/uploads\/2021\/02\/T47-Ouvert.jpg\",\"contentUrl\":\"https:\/\/sbx82.cod.cc\/cfao\/supeco\/wp-content\/uploads\/2021\/02\/T47-Ouvert.jpg\",\"width\":1772,\"height\":812},{\"@type\":\"WebSite\",\"@id\":\"https:\/\/sbx82.cod.cc\/cfao\/supeco\/#website\",\"url\":\"https:\/\/sbx82.cod.cc\/cfao\/supeco\/\",\"name\":\"Supeco\",\"description\":\"Supermarch\u00e9 \u00e9conomique - permet de r\u00e9aliser des \u00e9conomies tous les jours\",\"publisher\":{\"@id\":\"https:\/\/sbx82.cod.cc\/cfao\/supeco\/#organization\"},\"potentialAction\":[{\"@type\":\"SearchAction\",\"target\":{\"@type\":\"EntryPoint\",\"urlTemplate\":\"https:\/\/sbx82.cod.cc\/cfao\/supeco\/?s={search_term_string}\"},\"query-input\":{\"@type\":\"PropertyValueSpecification\",\"valueRequired\":true,\"valueName\":\"search_term_string\"}}],\"inLanguage\":\"fr-FR\"},{\"@type\":\"Organization\",\"@id\":\"https:\/\/sbx82.cod.cc\/cfao\/supeco\/#organization\",\"name\":\"Supeco\",\"url\":\"https:\/\/sbx82.cod.cc\/cfao\/supeco\/\",\"logo\":{\"@type\":\"ImageObject\",\"inLanguage\":\"fr-FR\",\"@id\":\"https:\/\/sbx82.cod.cc\/cfao\/supeco\/#\/schema\/logo\/image\/\",\"url\":\"https:\/\/sbx82.cod.cc\/cfao\/supeco\/wp-content\/uploads\/2019\/03\/supeco-baseline-rectangle-logo.gif\",\"contentUrl\":\"https:\/\/sbx82.cod.cc\/cfao\/supeco\/wp-content\/uploads\/2019\/03\/supeco-baseline-rectangle-logo.gif\",\"width\":200,\"height\":73,\"caption\":\"Supeco\"},\"image\":{\"@id\":\"https:\/\/sbx82.cod.cc\/cfao\/supeco\/#\/schema\/logo\/image\/\"},\"sameAs\":[\"https:\/\/www.linkedin.com\/company\/28987507\/\"]},{\"@type\":\"Person\",\"@id\":\"https:\/\/sbx82.cod.cc\/cfao\/supeco\/#\/schema\/person\/66601bd6800fb2547f4eee445abe10bb\",\"name\":\"Christine Calvez\",\"image\":{\"@type\":\"ImageObject\",\"inLanguage\":\"fr-FR\",\"@id\":\"https:\/\/sbx82.cod.cc\/cfao\/supeco\/#\/schema\/person\/image\/\",\"url\":\"https:\/\/secure.gravatar.com\/avatar\/19d1c6312d74fc37040a2e397d7574bd47e0b45943d4f4303c9a2d046303ebcf?s=96&d=mm&r=g\",\"contentUrl\":\"https:\/\/secure.gravatar.com\/avatar\/19d1c6312d74fc37040a2e397d7574bd47e0b45943d4f4303c9a2d046303ebcf?s=96&d=mm&r=g\",\"caption\":\"Christine Calvez\"},\"url\":\"https:\/\/sbx82.cod.cc\/cfao\/supeco\/author\/ccalvezcfao-com\/\"}]}<\/script>\n<!-- \/ Yoast SEO plugin. -->","yoast_head_json":{"title":"Ouverture du deuxi\u00e8me Sup\u00e9co de C\u00f4te d'Ivoire - Supeco","robots":{"index":"index","follow":"follow","max-snippet":"max-snippet:-1","max-image-preview":"max-image-preview:large","max-video-preview":"max-video-preview:-1"},"canonical":"https:\/\/sbx82.cod.cc\/cfao\/supeco\/ouverture-du-deuxieme-supeco-de-cote-divoire\/","og_locale":"fr_FR","og_type":"article","og_title":"Ouverture du deuxi\u00e8me Sup\u00e9co de C\u00f4te d'Ivoire - Supeco","og_description":"L\u2019enseigne dee proxilit\u00e9 propose les prix les plus bas de son march\u00e9 Abidjan, le 4 f\u00e9vrier 2021. Le deuxi\u00e8me supermarch\u00e9 Sup\u00e9co de C\u00f4te d\u2019Ivoire a \u00e9t\u00e9 inaugur\u00e9 ce jour \u00e0 Yopougon dans le quartier de Sogephia \u00e0 Abidjan en pr\u00e9sence de Messieurs Jean-Christophe Brindeau, Directeur g\u00e9n\u00e9ral de CFAO Retail et Pascal Bordeaux, Directeur g\u00e9n\u00e9ral de [&hellip;]","og_url":"https:\/\/sbx82.cod.cc\/cfao\/supeco\/ouverture-du-deuxieme-supeco-de-cote-divoire\/","og_site_name":"Supeco","article_published_time":"2021-02-04T16:20:34+00:00","article_modified_time":"2021-04-07T09:58:03+00:00","og_image":[{"width":1772,"height":812,"url":"https:\/\/sbx82.cod.cc\/cfao\/supeco\/wp-content\/uploads\/2021\/02\/T47-Ouvert.jpg","type":"image\/jpeg"}],"author":"Christine Calvez","twitter_card":"summary_large_image","twitter_misc":{"\u00c9crit par":"Christine Calvez","Dur\u00e9e de lecture estim\u00e9e":"4 minutes"},"schema":{"@context":"https:\/\/schema.org","@graph":[{"@type":"Article","@id":"https:\/\/sbx82.cod.cc\/cfao\/supeco\/ouverture-du-deuxieme-supeco-de-cote-divoire\/#article","isPartOf":{"@id":"https:\/\/sbx82.cod.cc\/cfao\/supeco\/ouverture-du-deuxieme-supeco-de-cote-divoire\/"},"author":{"name":"Christine Calvez","@id":"https:\/\/sbx82.cod.cc\/cfao\/supeco\/#\/schema\/person\/66601bd6800fb2547f4eee445abe10bb"},"headline":"Ouverture du deuxi\u00e8me Sup\u00e9co de C\u00f4te d&rsquo;Ivoire","datePublished":"2021-02-04T16:20:34+00:00","dateModified":"2021-04-07T09:58:03+00:00","mainEntityOfPage":{"@id":"https:\/\/sbx82.cod.cc\/cfao\/supeco\/ouverture-du-deuxieme-supeco-de-cote-divoire\/"},"wordCount":696,"publisher":{"@id":"https:\/\/sbx82.cod.cc\/cfao\/supeco\/#organization"},"image":{"@id":"https:\/\/sbx82.cod.cc\/cfao\/supeco\/ouverture-du-deuxieme-supeco-de-cote-divoire\/#primaryimage"},"thumbnailUrl":"https:\/\/sbx82.cod.cc\/cfao\/supeco\/wp-content\/uploads\/2021\/02\/T47-Ouvert.jpg","articleSection":["Actualit\u00e9s","communiqu\u00e9 de presse"],"inLanguage":"fr-FR"},{"@type":"WebPage","@id":"https:\/\/sbx82.cod.cc\/cfao\/supeco\/ouverture-du-deuxieme-supeco-de-cote-divoire\/","url":"https:\/\/sbx82.cod.cc\/cfao\/supeco\/ouverture-du-deuxieme-supeco-de-cote-divoire\/","name":"Ouverture du deuxi\u00e8me Sup\u00e9co de C\u00f4te d'Ivoire - Supeco","isPartOf":{"@id":"https:\/\/sbx82.cod.cc\/cfao\/supeco\/#website"},"primaryImageOfPage":{"@id":"https:\/\/sbx82.cod.cc\/cfao\/supeco\/ouverture-du-deuxieme-supeco-de-cote-divoire\/#primaryimage"},"image":{"@id":"https:\/\/sbx82.cod.cc\/cfao\/supeco\/ouverture-du-deuxieme-supeco-de-cote-divoire\/#primaryimage"},"thumbnailUrl":"https:\/\/sbx82.cod.cc\/cfao\/supeco\/wp-content\/uploads\/2021\/02\/T47-Ouvert.jpg","datePublished":"2021-02-04T16:20:34+00:00","dateModified":"2021-04-07T09:58:03+00:00","inLanguage":"fr-FR","potentialAction":[{"@type":"ReadAction","target":["https:\/\/sbx82.cod.cc\/cfao\/supeco\/ouverture-du-deuxieme-supeco-de-cote-divoire\/"]}]},{"@type":"ImageObject","inLanguage":"fr-FR","@id":"https:\/\/sbx82.cod.cc\/cfao\/supeco\/ouverture-du-deuxieme-supeco-de-cote-divoire\/#primaryimage","url":"https:\/\/sbx82.cod.cc\/cfao\/supeco\/wp-content\/uploads\/2021\/02\/T47-Ouvert.jpg","contentUrl":"https:\/\/sbx82.cod.cc\/cfao\/supeco\/wp-content\/uploads\/2021\/02\/T47-Ouvert.jpg","width":1772,"height":812},{"@type":"WebSite","@id":"https:\/\/sbx82.cod.cc\/cfao\/supeco\/#website","url":"https:\/\/sbx82.cod.cc\/cfao\/supeco\/","name":"Supeco","description":"Supermarch\u00e9 \u00e9conomique - permet de r\u00e9aliser des \u00e9conomies tous les jours","publisher":{"@id":"https:\/\/sbx82.cod.cc\/cfao\/supeco\/#organization"},"potentialAction":[{"@type":"SearchAction","target":{"@type":"EntryPoint","urlTemplate":"https:\/\/sbx82.cod.cc\/cfao\/supeco\/?s={search_term_string}"},"query-input":{"@type":"PropertyValueSpecification","valueRequired":true,"valueName":"search_term_string"}}],"inLanguage":"fr-FR"},{"@type":"Organization","@id":"https:\/\/sbx82.cod.cc\/cfao\/supeco\/#organization","name":"Supeco","url":"https:\/\/sbx82.cod.cc\/cfao\/supeco\/","logo":{"@type":"ImageObject","inLanguage":"fr-FR","@id":"https:\/\/sbx82.cod.cc\/cfao\/supeco\/#\/schema\/logo\/image\/","url":"https:\/\/sbx82.cod.cc\/cfao\/supeco\/wp-content\/uploads\/2019\/03\/supeco-baseline-rectangle-logo.gif","contentUrl":"https:\/\/sbx82.cod.cc\/cfao\/supeco\/wp-content\/uploads\/2019\/03\/supeco-baseline-rectangle-logo.gif","width":200,"height":73,"caption":"Supeco"},"image":{"@id":"https:\/\/sbx82.cod.cc\/cfao\/supeco\/#\/schema\/logo\/image\/"},"sameAs":["https:\/\/www.linkedin.com\/company\/28987507\/"]},{"@type":"Person","@id":"https:\/\/sbx82.cod.cc\/cfao\/supeco\/#\/schema\/person\/66601bd6800fb2547f4eee445abe10bb","name":"Christine Calvez","image":{"@type":"ImageObject","inLanguage":"fr-FR","@id":"https:\/\/sbx82.cod.cc\/cfao\/supeco\/#\/schema\/person\/image\/","url":"https:\/\/secure.gravatar.com\/avatar\/19d1c6312d74fc37040a2e397d7574bd47e0b45943d4f4303c9a2d046303ebcf?s=96&d=mm&r=g","contentUrl":"https:\/\/secure.gravatar.com\/avatar\/19d1c6312d74fc37040a2e397d7574bd47e0b45943d4f4303c9a2d046303ebcf?s=96&d=mm&r=g","caption":"Christine Calvez"},"url":"https:\/\/sbx82.cod.cc\/cfao\/supeco\/author\/ccalvezcfao-com\/"}]}},"_links":{"self":[{"href":"https:\/\/sbx82.cod.cc\/cfao\/supeco\/wp-json\/wp\/v2\/posts\/2409","targetHints":{"allow":["GET"]}}],"collection":[{"href":"https:\/\/sbx82.cod.cc\/cfao\/supeco\/wp-json\/wp\/v2\/posts"}],"about":[{"href":"https:\/\/sbx82.cod.cc\/cfao\/supeco\/wp-json\/wp\/v2\/types\/post"}],"author":[{"embeddable":true,"href":"https:\/\/sbx82.cod.cc\/cfao\/supeco\/wp-json\/wp\/v2\/users\/2"}],"replies":[{"embeddable":true,"href":"https:\/\/sbx82.cod.cc\/cfao\/supeco\/wp-json\/wp\/v2\/comments?post=2409"}],"version-history":[{"count":6,"href":"https:\/\/sbx82.cod.cc\/cfao\/supeco\/wp-json\/wp\/v2\/posts\/2409\/revisions"}],"predecessor-version":[{"id":2440,"href":"https:\/\/sbx82.cod.cc\/cfao\/supeco\/wp-json\/wp\/v2\/posts\/2409\/revisions\/2440"}],"wp:featuredmedia":[{"embeddable":true,"href":"https:\/\/sbx82.cod.cc\/cfao\/supeco\/wp-json\/wp\/v2\/media\/2406"}],"wp:attachment":[{"href":"https:\/\/sbx82.cod.cc\/cfao\/supeco\/wp-json\/wp\/v2\/media?parent=2409"}],"wp:term":[{"taxonomy":"category","embeddable":true,"href":"https:\/\/sbx82.cod.cc\/cfao\/supeco\/wp-json\/wp\/v2\/categories?post=2409"},{"taxonomy":"post_tag","embeddable":true,"href":"https:\/\/sbx82.cod.cc\/cfao\/supeco\/wp-json\/wp\/v2\/tags?post=2409"}],"curies":[{"name":"wp","href":"https:\/\/api.w.org\/{rel}","templated":true}]}}