{"id":2358,"date":"2020-12-10T11:49:45","date_gmt":"2020-12-10T10:49:45","guid":{"rendered":"https:\/\/sbx82.cod.cc\/cfao\/supeco\/?p=2358"},"modified":"2020-12-11T12:26:36","modified_gmt":"2020-12-11T11:26:36","slug":"supeco-partenaire-de-la-campagne-e-waste-a-abidjan","status":"publish","type":"post","link":"https:\/\/sbx82.cod.cc\/cfao\/supeco\/supeco-partenaire-de-la-campagne-e-waste-a-abidjan\/","title":{"rendered":"Supeco, partenaire de la campagne E-waste \u00e0 Abidjan"},"content":{"rendered":"\n<figure class=\"wp-block-image\"><img fetchpriority=\"high\" decoding=\"async\" width=\"1024\" height=\"1024\" src=\"https:\/\/sbx82.cod.cc\/cfao\/supeco\/wp-content\/uploads\/2020\/12\/IMG_7669-1024x1024.jpg\" alt=\"\" class=\"wp-image-2359\" srcset=\"https:\/\/sbx82.cod.cc\/cfao\/supeco\/wp-content\/uploads\/2020\/12\/IMG_7669-1024x1024.jpg 1024w, https:\/\/sbx82.cod.cc\/cfao\/supeco\/wp-content\/uploads\/2020\/12\/IMG_7669-1024x1024-150x150.jpg 150w, https:\/\/sbx82.cod.cc\/cfao\/supeco\/wp-content\/uploads\/2020\/12\/IMG_7669-1024x1024-300x300.jpg 300w, https:\/\/sbx82.cod.cc\/cfao\/supeco\/wp-content\/uploads\/2020\/12\/IMG_7669-1024x1024-768x768.jpg 768w\" sizes=\"(max-width: 1024px) 100vw, 1024px\" \/><\/figure>\n\n\n\n<p>CFAO Retail C\u00f4te d&rsquo;Ivoire et Supeco Niangon lancent aux c\u00f4t\u00e9s de MTN C\u00f4te d\u2019Ivoire et Electronic Wastes Africa la phase III de la campagne \u00ab\u00a0e-waste\u00a0\u00bb pour la collecte et le recylcage des d\u00e9chets d&rsquo;\u00e9quipements \u00e9lectriques et \u00e9lectroniques D3E \u00e0 Abidjan <\/p>\n\n\n\n<p>Pascal Bordeaux, Directeur g\u00e9n\u00e9ral de CFAO Retail en C\u00f4te d&rsquo;Ivoire explique \u00e0 cette occasion : \u00ab\u00a0<em>Je suis fier que notre r\u00e9seau de centres commerciaux et nos magasins contribuent \u00e0 cette action citoyenne en ligne droite avec les objectifs de Responsabilit\u00e9 Sociale et Environnementale du Groupe CFAO et plus sp\u00e9cifiquement de CFAO Retail\u00bb.<\/em><\/p>\n\n\n\n<figure class=\"wp-block-image\"><img decoding=\"async\" width=\"1024\" height=\"1024\" src=\"https:\/\/sbx82.cod.cc\/cfao\/supeco\/wp-content\/uploads\/2020\/12\/IMG_7648-1024x1024.jpg\" alt=\"\" class=\"wp-image-2361\" srcset=\"https:\/\/sbx82.cod.cc\/cfao\/supeco\/wp-content\/uploads\/2020\/12\/IMG_7648-1024x1024.jpg 1024w, https:\/\/sbx82.cod.cc\/cfao\/supeco\/wp-content\/uploads\/2020\/12\/IMG_7648-150x150.jpg 150w, https:\/\/sbx82.cod.cc\/cfao\/supeco\/wp-content\/uploads\/2020\/12\/IMG_7648-300x300.jpg 300w, https:\/\/sbx82.cod.cc\/cfao\/supeco\/wp-content\/uploads\/2020\/12\/IMG_7648-768x768.jpg 768w\" sizes=\"(max-width: 1024px) 100vw, 1024px\" \/><\/figure>\n\n\n\n<figure class=\"wp-block-image\"><img decoding=\"async\" width=\"1024\" height=\"1024\" src=\"https:\/\/sbx82.cod.cc\/cfao\/supeco\/wp-content\/uploads\/2020\/12\/IMG_7626-1024x1024.jpg\" alt=\"\" class=\"wp-image-2367\" srcset=\"https:\/\/sbx82.cod.cc\/cfao\/supeco\/wp-content\/uploads\/2020\/12\/IMG_7626-1024x1024.jpg 1024w, https:\/\/sbx82.cod.cc\/cfao\/supeco\/wp-content\/uploads\/2020\/12\/IMG_7626-1024x1024-150x150.jpg 150w, https:\/\/sbx82.cod.cc\/cfao\/supeco\/wp-content\/uploads\/2020\/12\/IMG_7626-1024x1024-300x300.jpg 300w, https:\/\/sbx82.cod.cc\/cfao\/supeco\/wp-content\/uploads\/2020\/12\/IMG_7626-1024x1024-768x768.jpg 768w\" sizes=\"(max-width: 1024px) 100vw, 1024px\" \/><\/figure>\n","protected":false},"excerpt":{"rendered":"<p>CFAO Retail C\u00f4te d&rsquo;Ivoire partenaire de la campagne e-waste dispose des box de collecte dans son magasin Supeco<\/p>\n","protected":false},"author":2,"featured_media":2366,"comment_status":"closed","ping_status":"open","sticky":true,"template":"","format":"standard","meta":{"_acf_changed":false,"footnotes":""},"categories":[20],"tags":[],"class_list":["post-2358","post","type-post","status-publish","format-standard","has-post-thumbnail","hentry","category-news"],"pp_force_visibility":null,"pp_subpost_visibility":null,"pp_inherited_force_visibility":null,"pp_inherited_subpost_visibility":null,"acf":[],"yoast_head":"<!-- This site is optimized with the Yoast SEO plugin v25.2 - https:\/\/yoast.com\/wordpress\/plugins\/seo\/ -->\n<title>Supeco, partenaire de la campagne E-waste \u00e0 Abidjan - Supeco<\/title>\n<meta name=\"robots\" content=\"index, follow, max-snippet:-1, max-image-preview:large, max-video-preview:-1\" \/>\n<link rel=\"canonical\" href=\"https:\/\/sbx82.cod.cc\/cfao\/supeco\/supeco-partenaire-de-la-campagne-e-waste-a-abidjan\/\" \/>\n<meta property=\"og:locale\" content=\"fr_FR\" \/>\n<meta property=\"og:type\" content=\"article\" \/>\n<meta property=\"og:title\" content=\"Supeco, partenaire de la campagne E-waste \u00e0 Abidjan - Supeco\" \/>\n<meta property=\"og:description\" content=\"CFAO Retail C\u00f4te d&#039;Ivoire partenaire de la campagne e-waste dispose des box de collecte dans son magasin Supeco\" \/>\n<meta property=\"og:url\" content=\"https:\/\/sbx82.cod.cc\/cfao\/supeco\/supeco-partenaire-de-la-campagne-e-waste-a-abidjan\/\" \/>\n<meta property=\"og:site_name\" content=\"Supeco\" \/>\n<meta property=\"article:published_time\" content=\"2020-12-10T10:49:45+00:00\" \/>\n<meta property=\"article:modified_time\" content=\"2020-12-11T11:26:36+00:00\" \/>\n<meta property=\"og:image\" content=\"https:\/\/sbx82.cod.cc\/cfao\/supeco\/wp-content\/uploads\/2020\/12\/retail.png\" \/>\n\t<meta property=\"og:image:width\" content=\"623\" \/>\n\t<meta property=\"og:image:height\" content=\"485\" \/>\n\t<meta property=\"og:image:type\" content=\"image\/png\" \/>\n<meta name=\"author\" content=\"Christine Calvez\" \/>\n<meta name=\"twitter:card\" content=\"summary_large_image\" \/>\n<meta name=\"twitter:label1\" content=\"\u00c9crit par\" \/>\n\t<meta name=\"twitter:data1\" content=\"Christine Calvez\" \/>\n\t<meta name=\"twitter:label2\" content=\"Dur\u00e9e de lecture estim\u00e9e\" \/>\n\t<meta name=\"twitter:data2\" content=\"1 minute\" \/>\n<script type=\"application\/ld+json\" class=\"yoast-schema-graph\">{\"@context\":\"https:\/\/schema.org\",\"@graph\":[{\"@type\":\"Article\",\"@id\":\"https:\/\/sbx82.cod.cc\/cfao\/supeco\/supeco-partenaire-de-la-campagne-e-waste-a-abidjan\/#article\",\"isPartOf\":{\"@id\":\"https:\/\/sbx82.cod.cc\/cfao\/supeco\/supeco-partenaire-de-la-campagne-e-waste-a-abidjan\/\"},\"author\":{\"name\":\"Christine Calvez\",\"@id\":\"https:\/\/sbx82.cod.cc\/cfao\/supeco\/#\/schema\/person\/66601bd6800fb2547f4eee445abe10bb\"},\"headline\":\"Supeco, partenaire de la campagne E-waste \u00e0 Abidjan\",\"datePublished\":\"2020-12-10T10:49:45+00:00\",\"dateModified\":\"2020-12-11T11:26:36+00:00\",\"mainEntityOfPage\":{\"@id\":\"https:\/\/sbx82.cod.cc\/cfao\/supeco\/supeco-partenaire-de-la-campagne-e-waste-a-abidjan\/\"},\"wordCount\":110,\"publisher\":{\"@id\":\"https:\/\/sbx82.cod.cc\/cfao\/supeco\/#organization\"},\"image\":{\"@id\":\"https:\/\/sbx82.cod.cc\/cfao\/supeco\/supeco-partenaire-de-la-campagne-e-waste-a-abidjan\/#primaryimage\"},\"thumbnailUrl\":\"https:\/\/sbx82.cod.cc\/cfao\/supeco\/wp-content\/uploads\/2020\/12\/retail.png\",\"articleSection\":[\"Actualit\u00e9s\"],\"inLanguage\":\"fr-FR\"},{\"@type\":\"WebPage\",\"@id\":\"https:\/\/sbx82.cod.cc\/cfao\/supeco\/supeco-partenaire-de-la-campagne-e-waste-a-abidjan\/\",\"url\":\"https:\/\/sbx82.cod.cc\/cfao\/supeco\/supeco-partenaire-de-la-campagne-e-waste-a-abidjan\/\",\"name\":\"Supeco, partenaire de la campagne E-waste \u00e0 Abidjan - Supeco\",\"isPartOf\":{\"@id\":\"https:\/\/sbx82.cod.cc\/cfao\/supeco\/#website\"},\"primaryImageOfPage\":{\"@id\":\"https:\/\/sbx82.cod.cc\/cfao\/supeco\/supeco-partenaire-de-la-campagne-e-waste-a-abidjan\/#primaryimage\"},\"image\":{\"@id\":\"https:\/\/sbx82.cod.cc\/cfao\/supeco\/supeco-partenaire-de-la-campagne-e-waste-a-abidjan\/#primaryimage\"},\"thumbnailUrl\":\"https:\/\/sbx82.cod.cc\/cfao\/supeco\/wp-content\/uploads\/2020\/12\/retail.png\",\"datePublished\":\"2020-12-10T10:49:45+00:00\",\"dateModified\":\"2020-12-11T11:26:36+00:00\",\"inLanguage\":\"fr-FR\",\"potentialAction\":[{\"@type\":\"ReadAction\",\"target\":[\"https:\/\/sbx82.cod.cc\/cfao\/supeco\/supeco-partenaire-de-la-campagne-e-waste-a-abidjan\/\"]}]},{\"@type\":\"ImageObject\",\"inLanguage\":\"fr-FR\",\"@id\":\"https:\/\/sbx82.cod.cc\/cfao\/supeco\/supeco-partenaire-de-la-campagne-e-waste-a-abidjan\/#primaryimage\",\"url\":\"https:\/\/sbx82.cod.cc\/cfao\/supeco\/wp-content\/uploads\/2020\/12\/retail.png\",\"contentUrl\":\"https:\/\/sbx82.cod.cc\/cfao\/supeco\/wp-content\/uploads\/2020\/12\/retail.png\",\"width\":623,\"height\":485},{\"@type\":\"WebSite\",\"@id\":\"https:\/\/sbx82.cod.cc\/cfao\/supeco\/#website\",\"url\":\"https:\/\/sbx82.cod.cc\/cfao\/supeco\/\",\"name\":\"Supeco\",\"description\":\"Supermarch\u00e9 \u00e9conomique - permet de r\u00e9aliser des \u00e9conomies tous les jours\",\"publisher\":{\"@id\":\"https:\/\/sbx82.cod.cc\/cfao\/supeco\/#organization\"},\"potentialAction\":[{\"@type\":\"SearchAction\",\"target\":{\"@type\":\"EntryPoint\",\"urlTemplate\":\"https:\/\/sbx82.cod.cc\/cfao\/supeco\/?s={search_term_string}\"},\"query-input\":{\"@type\":\"PropertyValueSpecification\",\"valueRequired\":true,\"valueName\":\"search_term_string\"}}],\"inLanguage\":\"fr-FR\"},{\"@type\":\"Organization\",\"@id\":\"https:\/\/sbx82.cod.cc\/cfao\/supeco\/#organization\",\"name\":\"Supeco\",\"url\":\"https:\/\/sbx82.cod.cc\/cfao\/supeco\/\",\"logo\":{\"@type\":\"ImageObject\",\"inLanguage\":\"fr-FR\",\"@id\":\"https:\/\/sbx82.cod.cc\/cfao\/supeco\/#\/schema\/logo\/image\/\",\"url\":\"https:\/\/sbx82.cod.cc\/cfao\/supeco\/wp-content\/uploads\/2019\/03\/supeco-baseline-rectangle-logo.gif\",\"contentUrl\":\"https:\/\/sbx82.cod.cc\/cfao\/supeco\/wp-content\/uploads\/2019\/03\/supeco-baseline-rectangle-logo.gif\",\"width\":200,\"height\":73,\"caption\":\"Supeco\"},\"image\":{\"@id\":\"https:\/\/sbx82.cod.cc\/cfao\/supeco\/#\/schema\/logo\/image\/\"},\"sameAs\":[\"https:\/\/www.linkedin.com\/company\/28987507\/\"]},{\"@type\":\"Person\",\"@id\":\"https:\/\/sbx82.cod.cc\/cfao\/supeco\/#\/schema\/person\/66601bd6800fb2547f4eee445abe10bb\",\"name\":\"Christine Calvez\",\"image\":{\"@type\":\"ImageObject\",\"inLanguage\":\"fr-FR\",\"@id\":\"https:\/\/sbx82.cod.cc\/cfao\/supeco\/#\/schema\/person\/image\/\",\"url\":\"https:\/\/secure.gravatar.com\/avatar\/19d1c6312d74fc37040a2e397d7574bd47e0b45943d4f4303c9a2d046303ebcf?s=96&d=mm&r=g\",\"contentUrl\":\"https:\/\/secure.gravatar.com\/avatar\/19d1c6312d74fc37040a2e397d7574bd47e0b45943d4f4303c9a2d046303ebcf?s=96&d=mm&r=g\",\"caption\":\"Christine Calvez\"},\"url\":\"https:\/\/sbx82.cod.cc\/cfao\/supeco\/author\/ccalvezcfao-com\/\"}]}<\/script>\n<!-- \/ Yoast SEO plugin. -->","yoast_head_json":{"title":"Supeco, partenaire de la campagne E-waste \u00e0 Abidjan - Supeco","robots":{"index":"index","follow":"follow","max-snippet":"max-snippet:-1","max-image-preview":"max-image-preview:large","max-video-preview":"max-video-preview:-1"},"canonical":"https:\/\/sbx82.cod.cc\/cfao\/supeco\/supeco-partenaire-de-la-campagne-e-waste-a-abidjan\/","og_locale":"fr_FR","og_type":"article","og_title":"Supeco, partenaire de la campagne E-waste \u00e0 Abidjan - Supeco","og_description":"CFAO Retail C\u00f4te d'Ivoire partenaire de la campagne e-waste dispose des box de collecte dans son magasin Supeco","og_url":"https:\/\/sbx82.cod.cc\/cfao\/supeco\/supeco-partenaire-de-la-campagne-e-waste-a-abidjan\/","og_site_name":"Supeco","article_published_time":"2020-12-10T10:49:45+00:00","article_modified_time":"2020-12-11T11:26:36+00:00","og_image":[{"width":623,"height":485,"url":"https:\/\/sbx82.cod.cc\/cfao\/supeco\/wp-content\/uploads\/2020\/12\/retail.png","type":"image\/png"}],"author":"Christine Calvez","twitter_card":"summary_large_image","twitter_misc":{"\u00c9crit par":"Christine Calvez","Dur\u00e9e de lecture estim\u00e9e":"1 minute"},"schema":{"@context":"https:\/\/schema.org","@graph":[{"@type":"Article","@id":"https:\/\/sbx82.cod.cc\/cfao\/supeco\/supeco-partenaire-de-la-campagne-e-waste-a-abidjan\/#article","isPartOf":{"@id":"https:\/\/sbx82.cod.cc\/cfao\/supeco\/supeco-partenaire-de-la-campagne-e-waste-a-abidjan\/"},"author":{"name":"Christine Calvez","@id":"https:\/\/sbx82.cod.cc\/cfao\/supeco\/#\/schema\/person\/66601bd6800fb2547f4eee445abe10bb"},"headline":"Supeco, partenaire de la campagne E-waste \u00e0 Abidjan","datePublished":"2020-12-10T10:49:45+00:00","dateModified":"2020-12-11T11:26:36+00:00","mainEntityOfPage":{"@id":"https:\/\/sbx82.cod.cc\/cfao\/supeco\/supeco-partenaire-de-la-campagne-e-waste-a-abidjan\/"},"wordCount":110,"publisher":{"@id":"https:\/\/sbx82.cod.cc\/cfao\/supeco\/#organization"},"image":{"@id":"https:\/\/sbx82.cod.cc\/cfao\/supeco\/supeco-partenaire-de-la-campagne-e-waste-a-abidjan\/#primaryimage"},"thumbnailUrl":"https:\/\/sbx82.cod.cc\/cfao\/supeco\/wp-content\/uploads\/2020\/12\/retail.png","articleSection":["Actualit\u00e9s"],"inLanguage":"fr-FR"},{"@type":"WebPage","@id":"https:\/\/sbx82.cod.cc\/cfao\/supeco\/supeco-partenaire-de-la-campagne-e-waste-a-abidjan\/","url":"https:\/\/sbx82.cod.cc\/cfao\/supeco\/supeco-partenaire-de-la-campagne-e-waste-a-abidjan\/","name":"Supeco, partenaire de la campagne E-waste \u00e0 Abidjan - Supeco","isPartOf":{"@id":"https:\/\/sbx82.cod.cc\/cfao\/supeco\/#website"},"primaryImageOfPage":{"@id":"https:\/\/sbx82.cod.cc\/cfao\/supeco\/supeco-partenaire-de-la-campagne-e-waste-a-abidjan\/#primaryimage"},"image":{"@id":"https:\/\/sbx82.cod.cc\/cfao\/supeco\/supeco-partenaire-de-la-campagne-e-waste-a-abidjan\/#primaryimage"},"thumbnailUrl":"https:\/\/sbx82.cod.cc\/cfao\/supeco\/wp-content\/uploads\/2020\/12\/retail.png","datePublished":"2020-12-10T10:49:45+00:00","dateModified":"2020-12-11T11:26:36+00:00","inLanguage":"fr-FR","potentialAction":[{"@type":"ReadAction","target":["https:\/\/sbx82.cod.cc\/cfao\/supeco\/supeco-partenaire-de-la-campagne-e-waste-a-abidjan\/"]}]},{"@type":"ImageObject","inLanguage":"fr-FR","@id":"https:\/\/sbx82.cod.cc\/cfao\/supeco\/supeco-partenaire-de-la-campagne-e-waste-a-abidjan\/#primaryimage","url":"https:\/\/sbx82.cod.cc\/cfao\/supeco\/wp-content\/uploads\/2020\/12\/retail.png","contentUrl":"https:\/\/sbx82.cod.cc\/cfao\/supeco\/wp-content\/uploads\/2020\/12\/retail.png","width":623,"height":485},{"@type":"WebSite","@id":"https:\/\/sbx82.cod.cc\/cfao\/supeco\/#website","url":"https:\/\/sbx82.cod.cc\/cfao\/supeco\/","name":"Supeco","description":"Supermarch\u00e9 \u00e9conomique - permet de r\u00e9aliser des \u00e9conomies tous les jours","publisher":{"@id":"https:\/\/sbx82.cod.cc\/cfao\/supeco\/#organization"},"potentialAction":[{"@type":"SearchAction","target":{"@type":"EntryPoint","urlTemplate":"https:\/\/sbx82.cod.cc\/cfao\/supeco\/?s={search_term_string}"},"query-input":{"@type":"PropertyValueSpecification","valueRequired":true,"valueName":"search_term_string"}}],"inLanguage":"fr-FR"},{"@type":"Organization","@id":"https:\/\/sbx82.cod.cc\/cfao\/supeco\/#organization","name":"Supeco","url":"https:\/\/sbx82.cod.cc\/cfao\/supeco\/","logo":{"@type":"ImageObject","inLanguage":"fr-FR","@id":"https:\/\/sbx82.cod.cc\/cfao\/supeco\/#\/schema\/logo\/image\/","url":"https:\/\/sbx82.cod.cc\/cfao\/supeco\/wp-content\/uploads\/2019\/03\/supeco-baseline-rectangle-logo.gif","contentUrl":"https:\/\/sbx82.cod.cc\/cfao\/supeco\/wp-content\/uploads\/2019\/03\/supeco-baseline-rectangle-logo.gif","width":200,"height":73,"caption":"Supeco"},"image":{"@id":"https:\/\/sbx82.cod.cc\/cfao\/supeco\/#\/schema\/logo\/image\/"},"sameAs":["https:\/\/www.linkedin.com\/company\/28987507\/"]},{"@type":"Person","@id":"https:\/\/sbx82.cod.cc\/cfao\/supeco\/#\/schema\/person\/66601bd6800fb2547f4eee445abe10bb","name":"Christine Calvez","image":{"@type":"ImageObject","inLanguage":"fr-FR","@id":"https:\/\/sbx82.cod.cc\/cfao\/supeco\/#\/schema\/person\/image\/","url":"https:\/\/secure.gravatar.com\/avatar\/19d1c6312d74fc37040a2e397d7574bd47e0b45943d4f4303c9a2d046303ebcf?s=96&d=mm&r=g","contentUrl":"https:\/\/secure.gravatar.com\/avatar\/19d1c6312d74fc37040a2e397d7574bd47e0b45943d4f4303c9a2d046303ebcf?s=96&d=mm&r=g","caption":"Christine Calvez"},"url":"https:\/\/sbx82.cod.cc\/cfao\/supeco\/author\/ccalvezcfao-com\/"}]}},"_links":{"self":[{"href":"https:\/\/sbx82.cod.cc\/cfao\/supeco\/wp-json\/wp\/v2\/posts\/2358","targetHints":{"allow":["GET"]}}],"collection":[{"href":"https:\/\/sbx82.cod.cc\/cfao\/supeco\/wp-json\/wp\/v2\/posts"}],"about":[{"href":"https:\/\/sbx82.cod.cc\/cfao\/supeco\/wp-json\/wp\/v2\/types\/post"}],"author":[{"embeddable":true,"href":"https:\/\/sbx82.cod.cc\/cfao\/supeco\/wp-json\/wp\/v2\/users\/2"}],"replies":[{"embeddable":true,"href":"https:\/\/sbx82.cod.cc\/cfao\/supeco\/wp-json\/wp\/v2\/comments?post=2358"}],"version-history":[{"count":2,"href":"https:\/\/sbx82.cod.cc\/cfao\/supeco\/wp-json\/wp\/v2\/posts\/2358\/revisions"}],"predecessor-version":[{"id":2368,"href":"https:\/\/sbx82.cod.cc\/cfao\/supeco\/wp-json\/wp\/v2\/posts\/2358\/revisions\/2368"}],"wp:featuredmedia":[{"embeddable":true,"href":"https:\/\/sbx82.cod.cc\/cfao\/supeco\/wp-json\/wp\/v2\/media\/2366"}],"wp:attachment":[{"href":"https:\/\/sbx82.cod.cc\/cfao\/supeco\/wp-json\/wp\/v2\/media?parent=2358"}],"wp:term":[{"taxonomy":"category","embeddable":true,"href":"https:\/\/sbx82.cod.cc\/cfao\/supeco\/wp-json\/wp\/v2\/categories?post=2358"},{"taxonomy":"post_tag","embeddable":true,"href":"https:\/\/sbx82.cod.cc\/cfao\/supeco\/wp-json\/wp\/v2\/tags?post=2358"}],"curies":[{"name":"wp","href":"https:\/\/api.w.org\/{rel}","templated":true}]}}