{"id":2138,"date":"2020-01-30T15:24:02","date_gmt":"2020-01-30T14:24:02","guid":{"rendered":"https:\/\/sbx82.cod.cc\/cfao\/supeco\/?p=2138"},"modified":"2020-08-12T12:00:51","modified_gmt":"2020-08-12T10:00:51","slug":"communique-de-presse","status":"publish","type":"post","link":"https:\/\/sbx82.cod.cc\/cfao\/supeco\/communique-de-presse\/","title":{"rendered":"COMMUNIQU\u00c9 DE PRESSE"},"content":{"rendered":"\n<ul class=\"wp-block-gallery columns-1 is-cropped wp-block-gallery-1 is-layout-flex wp-block-gallery-is-layout-flex\"><li class=\"blocks-gallery-item\"><figure><img fetchpriority=\"high\" decoding=\"async\" width=\"1024\" height=\"576\" src=\"https:\/\/sbx82.cod.cc\/cfao\/supeco\/wp-content\/uploads\/2020\/01\/ministre-1024x576.jpg\" alt=\"\" data-id=\"2143\" data-link=\"https:\/\/sbx82.cod.cc\/cfao\/supeco\/?attachment_id=2143\" class=\"wp-image-2143\" srcset=\"https:\/\/sbx82.cod.cc\/cfao\/supeco\/wp-content\/uploads\/2020\/01\/ministre-1024x576.jpg 1024w, https:\/\/sbx82.cod.cc\/cfao\/supeco\/wp-content\/uploads\/2020\/01\/ministre-300x169.jpg 300w, https:\/\/sbx82.cod.cc\/cfao\/supeco\/wp-content\/uploads\/2020\/01\/ministre-768x432.jpg 768w, https:\/\/sbx82.cod.cc\/cfao\/supeco\/wp-content\/uploads\/2020\/01\/ministre.jpg 1599w\" sizes=\"(max-width: 1024px) 100vw, 1024px\" \/><\/figure><\/li><\/ul>\n\n\n\n<h3 class=\"wp-block-heading\"><strong>OUVERTURE DU PREMIER MAGASIN SUP\u00c9CO EN C\u00d4TE D\u2019IVOIRE&nbsp;: \u00c0 YOPOUGON, L\u2019ENSEIGNE DE PROXIMIT\u00c9 PROPOSE LES PRIX LES PLUS BAS DE SON MARCH\u00c9<\/strong><\/h3>\n\n\n\n<p><strong>Yopougon, le 30 janvier 2020.<\/strong> La\npremi\u00e8re enseigne Sup\u00e9co en C\u00f4te d\u2019Ivoire a \u00e9t\u00e9 inaugur\u00e9e ce jour \u00e0 Yopougon\n(commune d\u2019Abidjan), dans le quartier de Niangon, en pr\u00e9sence de Monsieur\nSouleymane&nbsp;Diarrassouba, Ministre du Commerce et de l\u2019Industrie, de Monsieur\nGilbert Kafana KONE, Ministre D\u00e9put\u00e9 Maire de la commune de Yopougon de M. Jean-Christophe\nBrindeau, Directeur g\u00e9n\u00e9ral de CFAO Retail et de M. Pascal Bordeaux, Directeur g\u00e9n\u00e9ral\nde CFAO Retail en C\u00f4te d\u2019Ivoire.<\/p>\n\n\n\n<p>Cr\u00e9\u00e9 en\n2009 par le groupe Carrefour, le concept Sup\u00e9co est particuli\u00e8rement adapt\u00e9 aux \u00e9conomies \u00e9mergentes. Sur\nune surface de 750 m\u00b2, le magasin offre plus de 2000 r\u00e9f\u00e9rences alimentaires, un large choix de produits n\u00e9cessaires \u00e0 la vie\nquotidienne, ainsi qu\u2019une proximit\u00e9 imm\u00e9diate avec ses clients. Cinq enseignes&nbsp;:\nCanal+, O\u2019Clean Pressing, Atlantic Cash, Super Eat et Outlet Store viennent\ncompl\u00e9ter la pr\u00e9sence de Sup\u00e9co&nbsp;et offrent aux habitants un lieu de vie\nsuppl\u00e9mentaire dans le quartier.<\/p>\n\n\n\n<p>Le concept de Sup\u00e9co, comme expliqu\u00e9 par M. Malick\nNiang le Directeur du projet, s\u2019appuie sur un programme d\u2019\u00e9conomies maximum\nr\u00e9alis\u00e9es sur l\u2019am\u00e9nagement des magasins, la logistique et le marketing au\nprofit du pouvoir d\u2019achat, permettant d\u2019afficher les prix les plus bas du\nmarch\u00e9. Sup\u00e9co\nNiangon emploie d\u00e8s son inauguration 18 collaborateurs, principalement form\u00e9s\net promus depuis les autres sites de CFAO Retail en C\u00f4te d\u2019Ivoire. Chacun\nd\u2019entre eux a suivi une trentaine d\u2019heures de formation.<\/p>\n\n\n\n<p>Viviane\nN\u2019Guessan, Responsable du magasin Sup\u00e9co Niangon explique&nbsp;: \u00ab&nbsp;<em>Notre objectif est d\u2019\u00eatre au c\u0153ur des\nterritoires et des quartiers. Ici \u00e0 Yopougon, nous avons d\u00e9velopp\u00e9 des\npartenariats avec plusieurs fournisseurs de proximit\u00e9. Le rayon boucherie par\nexemple est confi\u00e9 \u00e0 une soci\u00e9t\u00e9 ivoirienne bien connue \u00e0 Yopougon, ce qui nous\npermet de veiller \u00e0 des prix tr\u00e8s bas, une tra\u00e7abilit\u00e9 imm\u00e9diate et \u00e0 la qualit\u00e9\ndes produits propos\u00e9e<\/em>&nbsp;\u00bb.&nbsp;<\/p>\n\n\n\n<p>Pascal\nBordeaux, Directeur g\u00e9n\u00e9ral de CFAO Retail en C\u00f4te d\u2019Ivoire ajoute&nbsp;:\n\u00ab&nbsp;<em>L\u2019ouverture de cette nouvelle enseigne\nSup\u00e9co marque une nouvelle \u00e9tape dans le d\u00e9ploiement de CFAO Retail en C\u00f4te\nd\u2019Ivoire. Apr\u00e8s les centres commerciaux PlaYce, les hypermarch\u00e9s Carrefour et\nles supermarch\u00e9s Carrefour Market, nous sommes aujourd\u2019hui capables de proposer\n\u00e0 nos clients une offre de qualit\u00e9 au prix les plus bas. Ce segment de march\u00e9\nrepr\u00e9sente 60% des consommateurs dans les villes de la sous-r\u00e9gion<\/em>&nbsp;\u00bb.<\/p>\n\n\n\n<p>En Afrique subsaharienne, la C\u00f4te d\u2019Ivoire est le 2<sup>e<\/sup>\npays \u00e0 accueillir l\u2019enseigne en 2020 apr\u00e8s l\u2019ouverture de trois magasins \u00e0\nDakar (S\u00e9n\u00e9gal) en 2019.<\/p>\n\n\n\n<p><em>\u00c0 propos de CFAO Retail&nbsp;: <\/em><\/p>\n\n\n\n<p><em>Depuis 2015, CFAO Retail d\u00e9ploie une strat\u00e9gie commerciale\nambitieuse d\u2019ouverture de centres commerciaux et de supermarch\u00e9s de proximit\u00e9\nen Afrique subsaharienne, en partenariat avec le groupe Carrefour. <\/em><\/p>\n\n\n\n<p><em>Avec l\u2019ouverture de son quatri\u00e8me magasin Sup\u00e9co \u00e0 Yopougon (C\u00f4te\nd\u2019Ivoire), CFAO compte dix implantations en Afrique Subsaharienne (C\u00f4te\nd\u2019Ivoire, Cameroun et S\u00e9n\u00e9gal), dont un Carrefour, cinq Carrefour Market et quatre\nSup\u00e9co. <\/em><\/p>\n\n\n\n<p><em>Pour en savoir plus sur CFAO Retail&nbsp;: www.cfao-retail.com<\/em><\/p>\n\n\n\n<p><strong><em>Contacts Presse<\/em><\/strong><\/p>\n\n\n\n<p><strong>CFAO&nbsp;Retail <\/strong>  <br><strong>Christine CALVEZ<\/strong>   <br>Communication  <br>ccalvez@cfao.com <\/p>\n\n\n\n<p><strong>CFAO Retail en C\u00f4te d\u2019Ivoire<\/strong> <br><strong>Synthyche BEDA<\/strong>  <br>Responsable Communication et Marketing  <br>T\u00e9l: +225 21 00 67 67 &#8211; Cel: +225 58 52 76 92  <br>sbeda@cfao.com  <\/p>\n\n\n\n<p><\/p>\n\n\n\n<p><\/p>\n","protected":false},"excerpt":{"rendered":"<p>OUVERTURE DU PREMIER MAGASIN SUP\u00c9CO EN C\u00d4TE D\u2019IVOIRE&nbsp;: \u00c0 YOPOUGON, L\u2019ENSEIGNE DE PROXIMIT\u00c9 PROPOSE LES PRIX LES PLUS BAS DE SON MARCH\u00c9 Yopougon, le 30 janvier 2020. La premi\u00e8re enseigne Sup\u00e9co en C\u00f4te d\u2019Ivoire a \u00e9t\u00e9 inaugur\u00e9e ce jour \u00e0 Yopougon (commune d\u2019Abidjan), dans le quartier de Niangon, en pr\u00e9sence de Monsieur Souleymane&nbsp;Diarrassouba, Ministre du [&hellip;]<\/p>\n","protected":false},"author":2,"featured_media":0,"comment_status":"open","ping_status":"open","sticky":false,"template":"","format":"standard","meta":{"_acf_changed":false,"footnotes":""},"categories":[14],"tags":[],"class_list":["post-2138","post","type-post","status-publish","format-standard","hentry","category-communique"],"pp_force_visibility":null,"pp_subpost_visibility":null,"pp_inherited_force_visibility":null,"pp_inherited_subpost_visibility":null,"acf":[],"yoast_head":"<!-- This site is optimized with the Yoast SEO plugin v25.2 - https:\/\/yoast.com\/wordpress\/plugins\/seo\/ -->\n<title>COMMUNIQU\u00c9 DE PRESSE - Supeco<\/title>\n<meta name=\"robots\" content=\"index, follow, max-snippet:-1, max-image-preview:large, max-video-preview:-1\" \/>\n<link rel=\"canonical\" href=\"https:\/\/sbx82.cod.cc\/cfao\/supeco\/communique-de-presse\/\" \/>\n<meta property=\"og:locale\" content=\"fr_FR\" \/>\n<meta property=\"og:type\" content=\"article\" \/>\n<meta property=\"og:title\" content=\"COMMUNIQU\u00c9 DE PRESSE - Supeco\" \/>\n<meta property=\"og:description\" content=\"OUVERTURE DU PREMIER MAGASIN SUP\u00c9CO EN C\u00d4TE D\u2019IVOIRE&nbsp;: \u00c0 YOPOUGON, L\u2019ENSEIGNE DE PROXIMIT\u00c9 PROPOSE LES PRIX LES PLUS BAS DE SON MARCH\u00c9 Yopougon, le 30 janvier 2020. La premi\u00e8re enseigne Sup\u00e9co en C\u00f4te d\u2019Ivoire a \u00e9t\u00e9 inaugur\u00e9e ce jour \u00e0 Yopougon (commune d\u2019Abidjan), dans le quartier de Niangon, en pr\u00e9sence de Monsieur Souleymane&nbsp;Diarrassouba, Ministre du [&hellip;]\" \/>\n<meta property=\"og:url\" content=\"https:\/\/sbx82.cod.cc\/cfao\/supeco\/communique-de-presse\/\" \/>\n<meta property=\"og:site_name\" content=\"Supeco\" \/>\n<meta property=\"article:published_time\" content=\"2020-01-30T14:24:02+00:00\" \/>\n<meta property=\"article:modified_time\" content=\"2020-08-12T10:00:51+00:00\" \/>\n<meta property=\"og:image\" content=\"https:\/\/sbx82.cod.cc\/cfao\/supeco\/wp-content\/uploads\/2020\/01\/ministre-1024x576.jpg\" \/>\n<meta name=\"author\" content=\"Christine Calvez\" \/>\n<meta name=\"twitter:card\" content=\"summary_large_image\" \/>\n<meta name=\"twitter:label1\" content=\"\u00c9crit par\" \/>\n\t<meta name=\"twitter:data1\" content=\"Christine Calvez\" \/>\n\t<meta name=\"twitter:label2\" content=\"Dur\u00e9e de lecture estim\u00e9e\" \/>\n\t<meta name=\"twitter:data2\" content=\"3 minutes\" \/>\n<script type=\"application\/ld+json\" class=\"yoast-schema-graph\">{\"@context\":\"https:\/\/schema.org\",\"@graph\":[{\"@type\":\"Article\",\"@id\":\"https:\/\/sbx82.cod.cc\/cfao\/supeco\/communique-de-presse\/#article\",\"isPartOf\":{\"@id\":\"https:\/\/sbx82.cod.cc\/cfao\/supeco\/communique-de-presse\/\"},\"author\":{\"name\":\"Christine Calvez\",\"@id\":\"https:\/\/sbx82.cod.cc\/cfao\/supeco\/#\/schema\/person\/66601bd6800fb2547f4eee445abe10bb\"},\"headline\":\"COMMUNIQU\u00c9 DE PRESSE\",\"datePublished\":\"2020-01-30T14:24:02+00:00\",\"dateModified\":\"2020-08-12T10:00:51+00:00\",\"mainEntityOfPage\":{\"@id\":\"https:\/\/sbx82.cod.cc\/cfao\/supeco\/communique-de-presse\/\"},\"wordCount\":607,\"commentCount\":0,\"publisher\":{\"@id\":\"https:\/\/sbx82.cod.cc\/cfao\/supeco\/#organization\"},\"image\":{\"@id\":\"https:\/\/sbx82.cod.cc\/cfao\/supeco\/communique-de-presse\/#primaryimage\"},\"thumbnailUrl\":\"https:\/\/sbx82.cod.cc\/cfao\/supeco\/wp-content\/uploads\/2020\/01\/ministre-1024x576.jpg\",\"articleSection\":[\"communiqu\u00e9 de presse\"],\"inLanguage\":\"fr-FR\"},{\"@type\":\"WebPage\",\"@id\":\"https:\/\/sbx82.cod.cc\/cfao\/supeco\/communique-de-presse\/\",\"url\":\"https:\/\/sbx82.cod.cc\/cfao\/supeco\/communique-de-presse\/\",\"name\":\"COMMUNIQU\u00c9 DE PRESSE - Supeco\",\"isPartOf\":{\"@id\":\"https:\/\/sbx82.cod.cc\/cfao\/supeco\/#website\"},\"primaryImageOfPage\":{\"@id\":\"https:\/\/sbx82.cod.cc\/cfao\/supeco\/communique-de-presse\/#primaryimage\"},\"image\":{\"@id\":\"https:\/\/sbx82.cod.cc\/cfao\/supeco\/communique-de-presse\/#primaryimage\"},\"thumbnailUrl\":\"https:\/\/sbx82.cod.cc\/cfao\/supeco\/wp-content\/uploads\/2020\/01\/ministre-1024x576.jpg\",\"datePublished\":\"2020-01-30T14:24:02+00:00\",\"dateModified\":\"2020-08-12T10:00:51+00:00\",\"inLanguage\":\"fr-FR\",\"potentialAction\":[{\"@type\":\"ReadAction\",\"target\":[\"https:\/\/sbx82.cod.cc\/cfao\/supeco\/communique-de-presse\/\"]}]},{\"@type\":\"ImageObject\",\"inLanguage\":\"fr-FR\",\"@id\":\"https:\/\/sbx82.cod.cc\/cfao\/supeco\/communique-de-presse\/#primaryimage\",\"url\":\"https:\/\/sbx82.cod.cc\/cfao\/supeco\/wp-content\/uploads\/2020\/01\/ministre.jpg\",\"contentUrl\":\"https:\/\/sbx82.cod.cc\/cfao\/supeco\/wp-content\/uploads\/2020\/01\/ministre.jpg\",\"width\":1599,\"height\":899},{\"@type\":\"WebSite\",\"@id\":\"https:\/\/sbx82.cod.cc\/cfao\/supeco\/#website\",\"url\":\"https:\/\/sbx82.cod.cc\/cfao\/supeco\/\",\"name\":\"Supeco\",\"description\":\"Supermarch\u00e9 \u00e9conomique - permet de r\u00e9aliser des \u00e9conomies tous les jours\",\"publisher\":{\"@id\":\"https:\/\/sbx82.cod.cc\/cfao\/supeco\/#organization\"},\"potentialAction\":[{\"@type\":\"SearchAction\",\"target\":{\"@type\":\"EntryPoint\",\"urlTemplate\":\"https:\/\/sbx82.cod.cc\/cfao\/supeco\/?s={search_term_string}\"},\"query-input\":{\"@type\":\"PropertyValueSpecification\",\"valueRequired\":true,\"valueName\":\"search_term_string\"}}],\"inLanguage\":\"fr-FR\"},{\"@type\":\"Organization\",\"@id\":\"https:\/\/sbx82.cod.cc\/cfao\/supeco\/#organization\",\"name\":\"Supeco\",\"url\":\"https:\/\/sbx82.cod.cc\/cfao\/supeco\/\",\"logo\":{\"@type\":\"ImageObject\",\"inLanguage\":\"fr-FR\",\"@id\":\"https:\/\/sbx82.cod.cc\/cfao\/supeco\/#\/schema\/logo\/image\/\",\"url\":\"https:\/\/sbx82.cod.cc\/cfao\/supeco\/wp-content\/uploads\/2019\/03\/supeco-baseline-rectangle-logo.gif\",\"contentUrl\":\"https:\/\/sbx82.cod.cc\/cfao\/supeco\/wp-content\/uploads\/2019\/03\/supeco-baseline-rectangle-logo.gif\",\"width\":200,\"height\":73,\"caption\":\"Supeco\"},\"image\":{\"@id\":\"https:\/\/sbx82.cod.cc\/cfao\/supeco\/#\/schema\/logo\/image\/\"},\"sameAs\":[\"https:\/\/www.linkedin.com\/company\/28987507\/\"]},{\"@type\":\"Person\",\"@id\":\"https:\/\/sbx82.cod.cc\/cfao\/supeco\/#\/schema\/person\/66601bd6800fb2547f4eee445abe10bb\",\"name\":\"Christine Calvez\",\"image\":{\"@type\":\"ImageObject\",\"inLanguage\":\"fr-FR\",\"@id\":\"https:\/\/sbx82.cod.cc\/cfao\/supeco\/#\/schema\/person\/image\/\",\"url\":\"https:\/\/secure.gravatar.com\/avatar\/19d1c6312d74fc37040a2e397d7574bd47e0b45943d4f4303c9a2d046303ebcf?s=96&d=mm&r=g\",\"contentUrl\":\"https:\/\/secure.gravatar.com\/avatar\/19d1c6312d74fc37040a2e397d7574bd47e0b45943d4f4303c9a2d046303ebcf?s=96&d=mm&r=g\",\"caption\":\"Christine Calvez\"},\"url\":\"https:\/\/sbx82.cod.cc\/cfao\/supeco\/author\/ccalvezcfao-com\/\"}]}<\/script>\n<!-- \/ Yoast SEO plugin. -->","yoast_head_json":{"title":"COMMUNIQU\u00c9 DE PRESSE - Supeco","robots":{"index":"index","follow":"follow","max-snippet":"max-snippet:-1","max-image-preview":"max-image-preview:large","max-video-preview":"max-video-preview:-1"},"canonical":"https:\/\/sbx82.cod.cc\/cfao\/supeco\/communique-de-presse\/","og_locale":"fr_FR","og_type":"article","og_title":"COMMUNIQU\u00c9 DE PRESSE - Supeco","og_description":"OUVERTURE DU PREMIER MAGASIN SUP\u00c9CO EN C\u00d4TE D\u2019IVOIRE&nbsp;: \u00c0 YOPOUGON, L\u2019ENSEIGNE DE PROXIMIT\u00c9 PROPOSE LES PRIX LES PLUS BAS DE SON MARCH\u00c9 Yopougon, le 30 janvier 2020. La premi\u00e8re enseigne Sup\u00e9co en C\u00f4te d\u2019Ivoire a \u00e9t\u00e9 inaugur\u00e9e ce jour \u00e0 Yopougon (commune d\u2019Abidjan), dans le quartier de Niangon, en pr\u00e9sence de Monsieur Souleymane&nbsp;Diarrassouba, Ministre du [&hellip;]","og_url":"https:\/\/sbx82.cod.cc\/cfao\/supeco\/communique-de-presse\/","og_site_name":"Supeco","article_published_time":"2020-01-30T14:24:02+00:00","article_modified_time":"2020-08-12T10:00:51+00:00","og_image":[{"url":"https:\/\/sbx82.cod.cc\/cfao\/supeco\/wp-content\/uploads\/2020\/01\/ministre-1024x576.jpg","type":"","width":"","height":""}],"author":"Christine Calvez","twitter_card":"summary_large_image","twitter_misc":{"\u00c9crit par":"Christine Calvez","Dur\u00e9e de lecture estim\u00e9e":"3 minutes"},"schema":{"@context":"https:\/\/schema.org","@graph":[{"@type":"Article","@id":"https:\/\/sbx82.cod.cc\/cfao\/supeco\/communique-de-presse\/#article","isPartOf":{"@id":"https:\/\/sbx82.cod.cc\/cfao\/supeco\/communique-de-presse\/"},"author":{"name":"Christine Calvez","@id":"https:\/\/sbx82.cod.cc\/cfao\/supeco\/#\/schema\/person\/66601bd6800fb2547f4eee445abe10bb"},"headline":"COMMUNIQU\u00c9 DE PRESSE","datePublished":"2020-01-30T14:24:02+00:00","dateModified":"2020-08-12T10:00:51+00:00","mainEntityOfPage":{"@id":"https:\/\/sbx82.cod.cc\/cfao\/supeco\/communique-de-presse\/"},"wordCount":607,"commentCount":0,"publisher":{"@id":"https:\/\/sbx82.cod.cc\/cfao\/supeco\/#organization"},"image":{"@id":"https:\/\/sbx82.cod.cc\/cfao\/supeco\/communique-de-presse\/#primaryimage"},"thumbnailUrl":"https:\/\/sbx82.cod.cc\/cfao\/supeco\/wp-content\/uploads\/2020\/01\/ministre-1024x576.jpg","articleSection":["communiqu\u00e9 de presse"],"inLanguage":"fr-FR"},{"@type":"WebPage","@id":"https:\/\/sbx82.cod.cc\/cfao\/supeco\/communique-de-presse\/","url":"https:\/\/sbx82.cod.cc\/cfao\/supeco\/communique-de-presse\/","name":"COMMUNIQU\u00c9 DE PRESSE - Supeco","isPartOf":{"@id":"https:\/\/sbx82.cod.cc\/cfao\/supeco\/#website"},"primaryImageOfPage":{"@id":"https:\/\/sbx82.cod.cc\/cfao\/supeco\/communique-de-presse\/#primaryimage"},"image":{"@id":"https:\/\/sbx82.cod.cc\/cfao\/supeco\/communique-de-presse\/#primaryimage"},"thumbnailUrl":"https:\/\/sbx82.cod.cc\/cfao\/supeco\/wp-content\/uploads\/2020\/01\/ministre-1024x576.jpg","datePublished":"2020-01-30T14:24:02+00:00","dateModified":"2020-08-12T10:00:51+00:00","inLanguage":"fr-FR","potentialAction":[{"@type":"ReadAction","target":["https:\/\/sbx82.cod.cc\/cfao\/supeco\/communique-de-presse\/"]}]},{"@type":"ImageObject","inLanguage":"fr-FR","@id":"https:\/\/sbx82.cod.cc\/cfao\/supeco\/communique-de-presse\/#primaryimage","url":"https:\/\/sbx82.cod.cc\/cfao\/supeco\/wp-content\/uploads\/2020\/01\/ministre.jpg","contentUrl":"https:\/\/sbx82.cod.cc\/cfao\/supeco\/wp-content\/uploads\/2020\/01\/ministre.jpg","width":1599,"height":899},{"@type":"WebSite","@id":"https:\/\/sbx82.cod.cc\/cfao\/supeco\/#website","url":"https:\/\/sbx82.cod.cc\/cfao\/supeco\/","name":"Supeco","description":"Supermarch\u00e9 \u00e9conomique - permet de r\u00e9aliser des \u00e9conomies tous les jours","publisher":{"@id":"https:\/\/sbx82.cod.cc\/cfao\/supeco\/#organization"},"potentialAction":[{"@type":"SearchAction","target":{"@type":"EntryPoint","urlTemplate":"https:\/\/sbx82.cod.cc\/cfao\/supeco\/?s={search_term_string}"},"query-input":{"@type":"PropertyValueSpecification","valueRequired":true,"valueName":"search_term_string"}}],"inLanguage":"fr-FR"},{"@type":"Organization","@id":"https:\/\/sbx82.cod.cc\/cfao\/supeco\/#organization","name":"Supeco","url":"https:\/\/sbx82.cod.cc\/cfao\/supeco\/","logo":{"@type":"ImageObject","inLanguage":"fr-FR","@id":"https:\/\/sbx82.cod.cc\/cfao\/supeco\/#\/schema\/logo\/image\/","url":"https:\/\/sbx82.cod.cc\/cfao\/supeco\/wp-content\/uploads\/2019\/03\/supeco-baseline-rectangle-logo.gif","contentUrl":"https:\/\/sbx82.cod.cc\/cfao\/supeco\/wp-content\/uploads\/2019\/03\/supeco-baseline-rectangle-logo.gif","width":200,"height":73,"caption":"Supeco"},"image":{"@id":"https:\/\/sbx82.cod.cc\/cfao\/supeco\/#\/schema\/logo\/image\/"},"sameAs":["https:\/\/www.linkedin.com\/company\/28987507\/"]},{"@type":"Person","@id":"https:\/\/sbx82.cod.cc\/cfao\/supeco\/#\/schema\/person\/66601bd6800fb2547f4eee445abe10bb","name":"Christine Calvez","image":{"@type":"ImageObject","inLanguage":"fr-FR","@id":"https:\/\/sbx82.cod.cc\/cfao\/supeco\/#\/schema\/person\/image\/","url":"https:\/\/secure.gravatar.com\/avatar\/19d1c6312d74fc37040a2e397d7574bd47e0b45943d4f4303c9a2d046303ebcf?s=96&d=mm&r=g","contentUrl":"https:\/\/secure.gravatar.com\/avatar\/19d1c6312d74fc37040a2e397d7574bd47e0b45943d4f4303c9a2d046303ebcf?s=96&d=mm&r=g","caption":"Christine Calvez"},"url":"https:\/\/sbx82.cod.cc\/cfao\/supeco\/author\/ccalvezcfao-com\/"}]}},"_links":{"self":[{"href":"https:\/\/sbx82.cod.cc\/cfao\/supeco\/wp-json\/wp\/v2\/posts\/2138","targetHints":{"allow":["GET"]}}],"collection":[{"href":"https:\/\/sbx82.cod.cc\/cfao\/supeco\/wp-json\/wp\/v2\/posts"}],"about":[{"href":"https:\/\/sbx82.cod.cc\/cfao\/supeco\/wp-json\/wp\/v2\/types\/post"}],"author":[{"embeddable":true,"href":"https:\/\/sbx82.cod.cc\/cfao\/supeco\/wp-json\/wp\/v2\/users\/2"}],"replies":[{"embeddable":true,"href":"https:\/\/sbx82.cod.cc\/cfao\/supeco\/wp-json\/wp\/v2\/comments?post=2138"}],"version-history":[{"count":9,"href":"https:\/\/sbx82.cod.cc\/cfao\/supeco\/wp-json\/wp\/v2\/posts\/2138\/revisions"}],"predecessor-version":[{"id":2148,"href":"https:\/\/sbx82.cod.cc\/cfao\/supeco\/wp-json\/wp\/v2\/posts\/2138\/revisions\/2148"}],"wp:attachment":[{"href":"https:\/\/sbx82.cod.cc\/cfao\/supeco\/wp-json\/wp\/v2\/media?parent=2138"}],"wp:term":[{"taxonomy":"category","embeddable":true,"href":"https:\/\/sbx82.cod.cc\/cfao\/supeco\/wp-json\/wp\/v2\/categories?post=2138"},{"taxonomy":"post_tag","embeddable":true,"href":"https:\/\/sbx82.cod.cc\/cfao\/supeco\/wp-json\/wp\/v2\/tags?post=2138"}],"curies":[{"name":"wp","href":"https:\/\/api.w.org\/{rel}","templated":true}]}}