{"id":2020,"date":"2019-10-30T19:30:43","date_gmt":"2019-10-30T18:30:43","guid":{"rendered":"https:\/\/sbx82.cod.cc\/cfao\/supeco\/?p=2020"},"modified":"2020-08-12T11:31:11","modified_gmt":"2020-08-12T09:31:11","slug":"inauguration-de-supeco-golf-dakar","status":"publish","type":"post","link":"https:\/\/sbx82.cod.cc\/cfao\/supeco\/inauguration-de-supeco-golf-dakar\/","title":{"rendered":"Inauguration de Supeco \u00ab\u00a0Golf\u00a0\u00bb, Dakar"},"content":{"rendered":"\n<p><\/p>\n\n\n\n<div class=\"wp-block-image\"><figure class=\"aligncenter is-resized\"><img decoding=\"async\" src=\"https:\/\/sbx82.cod.cc\/cfao\/supeco\/wp-content\/uploads\/2019\/10\/LOGO-CFAO-RETAIL.jpg\" alt=\"\" class=\"wp-image-2025\" width=\"288\" height=\"97\" srcset=\"https:\/\/sbx82.cod.cc\/cfao\/supeco\/wp-content\/uploads\/2019\/10\/LOGO-CFAO-RETAIL.jpg 600w, https:\/\/sbx82.cod.cc\/cfao\/supeco\/wp-content\/uploads\/2019\/10\/LOGO-CFAO-RETAIL-300x102.jpg 300w\" sizes=\"(max-width: 288px) 100vw, 288px\" \/><\/figure><\/div>\n\n\n\n<p><\/p>\n\n\n\n<h5 class=\"wp-block-heading\" style=\"text-align:center\"><br>INAUGURATION DE SUPECO \u00ab\u00a0GOLF\u00a0\u00bb, A DAKAR:<br>EN MOINS D&rsquo;UN AN, CFAO RETAIL OUVRE SON TROISIEME MAGASIN SUPECO DANS LA CAPITALE SENEGALAISE<\/h5>\n\n\n\n<p><\/p>\n\n\n\n<p>Dakar, le 30 octobre 2019&nbsp;: Six mois apr\u00e8s l\u2019ouverture de\nSupeco \u00ab&nbsp;El Mansour&nbsp;\u00bb (avril 2019) et trois mois apr\u00e8s celle de\n\u00ab&nbsp;Grand Yoff&nbsp;\u00bb (juin 2019), CFAO Retail a inaugur\u00e9 ce jour son troisi\u00e8me\nmagasin Supeco dans la capitale s\u00e9n\u00e9galaise. L\u2019inauguration a eu lieu lors\nd\u2019une c\u00e9r\u00e9monie en pr\u00e9sence de Madame Aida Sow DIAWARA Maire de Golf Sud, M.\nJean-Christophe Brindeau, Directeur G\u00e9n\u00e9ral de CFAO Retail, M. Malick Niang,\nDirecteur du projet Supeco de CFAO Retail pour l\u2019Afrique et M. Laurent Gouault,\nDirecteur g\u00e9n\u00e9ral de CFAO Retail au S\u00e9n\u00e9gal. <\/p>\n\n\n\n<p>Cr\u00e9\u00e9e\nen 2009 par le Groupe Carrefour, le concept Supeco est particuli\u00e8rement adapt\u00e9 aux \u00e9conomies\n\u00e9mergentes. Situ\u00e9 au c\u0153ur des quartiers, Supeco offre des produits de qualit\u00e9,\nune proximit\u00e9 imm\u00e9diate avec les clients, des produits n\u00e9cessaires \u00e0 la vie\nquotidienne aux prix les plus bas du march\u00e9, s\u2019appuyant sur un concept\nd\u2019\u00e9conomies maximum r\u00e9alis\u00e9es sur l\u2019am\u00e9nagement des magasins, la logistique et\nle marketing au profit du pouvoir d\u2019achat.<\/p>\n\n\n\n<p>L\u2019enseigne\nSupeco est d\u00e9j\u00e0 implant\u00e9e dans plusieurs pays \u00e0 travers le monde (Br\u00e9sil,\nEspagne, France, Italie, Maroc, Pologne et Roumanie). En Afrique subsaharienne,\nle S\u00e9n\u00e9gal est le premier pays \u00e0 accueillir trois nouveaux points de vente en\n2019&nbsp;: El Mansour, Grand Yoff et Golf.<\/p>\n\n\n\n<p>L\u2019enseigne s\u2019adresse aussi bien aux\nparticuliers qui souhaitent\nb\u00e9n\u00e9ficier d\u2019un choix imm\u00e9diat sans transiger sur le prix qu\u2019aux professionnels\net aux revendeurs situ\u00e9s au c\u0153ur des territoires urbains en Afrique. Supeco\nleur offre la possibilit\u00e9 d\u2019acheter \u00e0 l\u2019unit\u00e9 ou au colis. <\/p>\n\n\n\n<p>Malick Niang, Directeur du projet\nSupeco pour l\u2019Afrique, CFAO Retail, explique&nbsp;: <em>\u00ab&nbsp;Notre priorit\u00e9 est de proposer \u00e0 notre client\u00e8le les prix les\nplus bas du march\u00e9 pour leurs achats du quotidien. Afin d\u2019y parvenir, Supeco\noffre une strat\u00e9gie commerciale particuli\u00e8rement dynamique compos\u00e9e d\u2019op\u00e9rations\nsp\u00e9ciales, d\u2019op\u00e9rations ponctuelles tr\u00e8s avantageuses, de d\u00e9stockage et\nd\u2019innovations, etc. \u00bb<\/em><\/p>\n\n\n\n<p>Jean-Christophe Brindeau,\nDirecteur g\u00e9n\u00e9ral de CFAO Retail, ajoute&nbsp;: <em>\u00ab&nbsp;En moins d\u2019un an, trois magasins ont d\u00e9j\u00e0 \u00e9t\u00e9 ouverts, avec \u00e0\nchaque fois un accueil tr\u00e8s favorable du public. Avec Supeco, nous p\u00e9n\u00e9trons un\nnouveau segment de march\u00e9, primordial en Afrique. Il repr\u00e9sente 60% des\nconsommateurs dans les centres urbains de la sous-r\u00e9gion. C\u2019est un v\u00e9ritable\nlevier de croissance pour CFAO Retail&nbsp;\u00bb. <\/em><\/p>\n\n\n\n<p>De prochaines ouvertures de Supeco\nsont pr\u00e9vues en C\u00f4te d\u2019Ivoire et au Cameroun en 2020.<\/p>\n\n\n\n<p><strong><em>\u00c0 propos de CFAO Retail <\/em><\/strong><\/p>\n\n\n\n<p><em>Depuis 2015, CFAO Retail d\u00e9ploie\nune strat\u00e9gie commerciale ambitieuse d\u2019ouverture de centres commerciaux et de\nsupermarch\u00e9s de proximit\u00e9 en Afrique subsaharienne, en partenariat avec le\ngroupe Carrefour. <\/em><\/p>\n\n\n\n<p><em>Avec l\u2019ouverture de ses trois\nSupeco \u00e0 Dakar (S\u00e9n\u00e9gal), CFAO compte neuf implantations en Afrique\nSubsaharienne (C\u00f4te d\u2019Ivoire, Cameroun et S\u00e9n\u00e9gal), dont un Carrefour, cinq\nCarrefour Market et trois Supeco. <\/em><\/p>\n\n\n\n<p><em>Pour en savoir plus sur CFAO Retail&nbsp;: <a href=\"http:\/\/www.cfao-retail.com\">www.cfao-retail.com<\/a><\/em><\/p>\n\n\n\n<p><strong><em>Contacts presse<\/em><\/strong><\/p>\n\n\n\n<p style=\"text-align:left\"><strong>CFAO RETAIL                                                         <br>Communication                                                    <\/strong><br><em>Christine Calvez  <\/em>                                                   <em> <\/em><br>cccalvez@ccalvezcfao-com                                  <br><\/p>\n\n\n\n<p><strong>CFAO RETAIL au S\u00e9n\u00e9gal<\/strong><br><strong>Communication<\/strong><br><em>Yaye Maty Tabara Gueye<\/em><br>ymtgueye@cfao.com<br><\/p>\n","protected":false},"excerpt":{"rendered":"<p>INAUGURATION DE SUPECO \u00ab\u00a0GOLF\u00a0\u00bb, A DAKAR:EN MOINS D&rsquo;UN AN, CFAO RETAIL OUVRE SON TROISIEME MAGASIN SUPECO DANS LA CAPITALE SENEGALAISE Dakar, le 30 octobre 2019&nbsp;: Six mois apr\u00e8s l\u2019ouverture de Supeco \u00ab&nbsp;El Mansour&nbsp;\u00bb (avril 2019) et trois mois apr\u00e8s celle de \u00ab&nbsp;Grand Yoff&nbsp;\u00bb (juin 2019), CFAO Retail a inaugur\u00e9 ce jour son troisi\u00e8me magasin Supeco [&hellip;]<\/p>\n","protected":false},"author":2,"featured_media":2024,"comment_status":"open","ping_status":"open","sticky":true,"template":"","format":"standard","meta":{"_acf_changed":false,"footnotes":""},"categories":[14],"tags":[],"class_list":["post-2020","post","type-post","status-publish","format-standard","has-post-thumbnail","hentry","category-communique"],"pp_force_visibility":null,"pp_subpost_visibility":null,"pp_inherited_force_visibility":null,"pp_inherited_subpost_visibility":null,"acf":[],"yoast_head":"<!-- This site is optimized with the Yoast SEO plugin v25.2 - https:\/\/yoast.com\/wordpress\/plugins\/seo\/ -->\n<title>Inauguration de Supeco &quot;Golf&quot;, Dakar - Supeco<\/title>\n<meta name=\"robots\" content=\"index, follow, max-snippet:-1, max-image-preview:large, max-video-preview:-1\" \/>\n<link rel=\"canonical\" href=\"https:\/\/sbx82.cod.cc\/cfao\/supeco\/inauguration-de-supeco-golf-dakar\/\" \/>\n<meta property=\"og:locale\" content=\"fr_FR\" \/>\n<meta property=\"og:type\" content=\"article\" \/>\n<meta property=\"og:title\" content=\"Inauguration de Supeco &quot;Golf&quot;, Dakar - Supeco\" \/>\n<meta property=\"og:description\" content=\"INAUGURATION DE SUPECO \u00ab\u00a0GOLF\u00a0\u00bb, A DAKAR:EN MOINS D&rsquo;UN AN, CFAO RETAIL OUVRE SON TROISIEME MAGASIN SUPECO DANS LA CAPITALE SENEGALAISE Dakar, le 30 octobre 2019&nbsp;: Six mois apr\u00e8s l\u2019ouverture de Supeco \u00ab&nbsp;El Mansour&nbsp;\u00bb (avril 2019) et trois mois apr\u00e8s celle de \u00ab&nbsp;Grand Yoff&nbsp;\u00bb (juin 2019), CFAO Retail a inaugur\u00e9 ce jour son troisi\u00e8me magasin Supeco [&hellip;]\" \/>\n<meta property=\"og:url\" content=\"https:\/\/sbx82.cod.cc\/cfao\/supeco\/inauguration-de-supeco-golf-dakar\/\" \/>\n<meta property=\"og:site_name\" content=\"Supeco\" \/>\n<meta property=\"article:published_time\" content=\"2019-10-30T18:30:43+00:00\" \/>\n<meta property=\"article:modified_time\" content=\"2020-08-12T09:31:11+00:00\" \/>\n<meta property=\"og:image\" content=\"https:\/\/sbx82.cod.cc\/cfao\/supeco\/wp-content\/uploads\/2019\/10\/IMG-20191028-WA0009.jpg\" \/>\n\t<meta property=\"og:image:width\" content=\"1599\" \/>\n\t<meta property=\"og:image:height\" content=\"899\" \/>\n\t<meta property=\"og:image:type\" content=\"image\/jpeg\" \/>\n<meta name=\"author\" content=\"Christine Calvez\" \/>\n<meta name=\"twitter:card\" content=\"summary_large_image\" \/>\n<meta name=\"twitter:label1\" content=\"\u00c9crit par\" \/>\n\t<meta name=\"twitter:data1\" content=\"Christine Calvez\" \/>\n\t<meta name=\"twitter:label2\" content=\"Dur\u00e9e de lecture estim\u00e9e\" \/>\n\t<meta name=\"twitter:data2\" content=\"3 minutes\" \/>\n<script type=\"application\/ld+json\" class=\"yoast-schema-graph\">{\"@context\":\"https:\/\/schema.org\",\"@graph\":[{\"@type\":\"Article\",\"@id\":\"https:\/\/sbx82.cod.cc\/cfao\/supeco\/inauguration-de-supeco-golf-dakar\/#article\",\"isPartOf\":{\"@id\":\"https:\/\/sbx82.cod.cc\/cfao\/supeco\/inauguration-de-supeco-golf-dakar\/\"},\"author\":{\"name\":\"Christine Calvez\",\"@id\":\"https:\/\/sbx82.cod.cc\/cfao\/supeco\/#\/schema\/person\/66601bd6800fb2547f4eee445abe10bb\"},\"headline\":\"Inauguration de Supeco \u00ab\u00a0Golf\u00a0\u00bb, Dakar\",\"datePublished\":\"2019-10-30T18:30:43+00:00\",\"dateModified\":\"2020-08-12T09:31:11+00:00\",\"mainEntityOfPage\":{\"@id\":\"https:\/\/sbx82.cod.cc\/cfao\/supeco\/inauguration-de-supeco-golf-dakar\/\"},\"wordCount\":573,\"commentCount\":0,\"publisher\":{\"@id\":\"https:\/\/sbx82.cod.cc\/cfao\/supeco\/#organization\"},\"image\":{\"@id\":\"https:\/\/sbx82.cod.cc\/cfao\/supeco\/inauguration-de-supeco-golf-dakar\/#primaryimage\"},\"thumbnailUrl\":\"https:\/\/sbx82.cod.cc\/cfao\/supeco\/wp-content\/uploads\/2019\/10\/IMG-20191028-WA0009.jpg\",\"articleSection\":[\"communiqu\u00e9 de presse\"],\"inLanguage\":\"fr-FR\"},{\"@type\":\"WebPage\",\"@id\":\"https:\/\/sbx82.cod.cc\/cfao\/supeco\/inauguration-de-supeco-golf-dakar\/\",\"url\":\"https:\/\/sbx82.cod.cc\/cfao\/supeco\/inauguration-de-supeco-golf-dakar\/\",\"name\":\"Inauguration de Supeco \\\"Golf\\\", Dakar - Supeco\",\"isPartOf\":{\"@id\":\"https:\/\/sbx82.cod.cc\/cfao\/supeco\/#website\"},\"primaryImageOfPage\":{\"@id\":\"https:\/\/sbx82.cod.cc\/cfao\/supeco\/inauguration-de-supeco-golf-dakar\/#primaryimage\"},\"image\":{\"@id\":\"https:\/\/sbx82.cod.cc\/cfao\/supeco\/inauguration-de-supeco-golf-dakar\/#primaryimage\"},\"thumbnailUrl\":\"https:\/\/sbx82.cod.cc\/cfao\/supeco\/wp-content\/uploads\/2019\/10\/IMG-20191028-WA0009.jpg\",\"datePublished\":\"2019-10-30T18:30:43+00:00\",\"dateModified\":\"2020-08-12T09:31:11+00:00\",\"inLanguage\":\"fr-FR\",\"potentialAction\":[{\"@type\":\"ReadAction\",\"target\":[\"https:\/\/sbx82.cod.cc\/cfao\/supeco\/inauguration-de-supeco-golf-dakar\/\"]}]},{\"@type\":\"ImageObject\",\"inLanguage\":\"fr-FR\",\"@id\":\"https:\/\/sbx82.cod.cc\/cfao\/supeco\/inauguration-de-supeco-golf-dakar\/#primaryimage\",\"url\":\"https:\/\/sbx82.cod.cc\/cfao\/supeco\/wp-content\/uploads\/2019\/10\/IMG-20191028-WA0009.jpg\",\"contentUrl\":\"https:\/\/sbx82.cod.cc\/cfao\/supeco\/wp-content\/uploads\/2019\/10\/IMG-20191028-WA0009.jpg\",\"width\":1599,\"height\":899},{\"@type\":\"WebSite\",\"@id\":\"https:\/\/sbx82.cod.cc\/cfao\/supeco\/#website\",\"url\":\"https:\/\/sbx82.cod.cc\/cfao\/supeco\/\",\"name\":\"Supeco\",\"description\":\"Supermarch\u00e9 \u00e9conomique - permet de r\u00e9aliser des \u00e9conomies tous les jours\",\"publisher\":{\"@id\":\"https:\/\/sbx82.cod.cc\/cfao\/supeco\/#organization\"},\"potentialAction\":[{\"@type\":\"SearchAction\",\"target\":{\"@type\":\"EntryPoint\",\"urlTemplate\":\"https:\/\/sbx82.cod.cc\/cfao\/supeco\/?s={search_term_string}\"},\"query-input\":{\"@type\":\"PropertyValueSpecification\",\"valueRequired\":true,\"valueName\":\"search_term_string\"}}],\"inLanguage\":\"fr-FR\"},{\"@type\":\"Organization\",\"@id\":\"https:\/\/sbx82.cod.cc\/cfao\/supeco\/#organization\",\"name\":\"Supeco\",\"url\":\"https:\/\/sbx82.cod.cc\/cfao\/supeco\/\",\"logo\":{\"@type\":\"ImageObject\",\"inLanguage\":\"fr-FR\",\"@id\":\"https:\/\/sbx82.cod.cc\/cfao\/supeco\/#\/schema\/logo\/image\/\",\"url\":\"https:\/\/sbx82.cod.cc\/cfao\/supeco\/wp-content\/uploads\/2019\/03\/supeco-baseline-rectangle-logo.gif\",\"contentUrl\":\"https:\/\/sbx82.cod.cc\/cfao\/supeco\/wp-content\/uploads\/2019\/03\/supeco-baseline-rectangle-logo.gif\",\"width\":200,\"height\":73,\"caption\":\"Supeco\"},\"image\":{\"@id\":\"https:\/\/sbx82.cod.cc\/cfao\/supeco\/#\/schema\/logo\/image\/\"},\"sameAs\":[\"https:\/\/www.linkedin.com\/company\/28987507\/\"]},{\"@type\":\"Person\",\"@id\":\"https:\/\/sbx82.cod.cc\/cfao\/supeco\/#\/schema\/person\/66601bd6800fb2547f4eee445abe10bb\",\"name\":\"Christine Calvez\",\"image\":{\"@type\":\"ImageObject\",\"inLanguage\":\"fr-FR\",\"@id\":\"https:\/\/sbx82.cod.cc\/cfao\/supeco\/#\/schema\/person\/image\/\",\"url\":\"https:\/\/secure.gravatar.com\/avatar\/19d1c6312d74fc37040a2e397d7574bd47e0b45943d4f4303c9a2d046303ebcf?s=96&d=mm&r=g\",\"contentUrl\":\"https:\/\/secure.gravatar.com\/avatar\/19d1c6312d74fc37040a2e397d7574bd47e0b45943d4f4303c9a2d046303ebcf?s=96&d=mm&r=g\",\"caption\":\"Christine Calvez\"},\"url\":\"https:\/\/sbx82.cod.cc\/cfao\/supeco\/author\/ccalvezcfao-com\/\"}]}<\/script>\n<!-- \/ Yoast SEO plugin. -->","yoast_head_json":{"title":"Inauguration de Supeco \"Golf\", Dakar - Supeco","robots":{"index":"index","follow":"follow","max-snippet":"max-snippet:-1","max-image-preview":"max-image-preview:large","max-video-preview":"max-video-preview:-1"},"canonical":"https:\/\/sbx82.cod.cc\/cfao\/supeco\/inauguration-de-supeco-golf-dakar\/","og_locale":"fr_FR","og_type":"article","og_title":"Inauguration de Supeco \"Golf\", Dakar - Supeco","og_description":"INAUGURATION DE SUPECO \u00ab\u00a0GOLF\u00a0\u00bb, A DAKAR:EN MOINS D&rsquo;UN AN, CFAO RETAIL OUVRE SON TROISIEME MAGASIN SUPECO DANS LA CAPITALE SENEGALAISE Dakar, le 30 octobre 2019&nbsp;: Six mois apr\u00e8s l\u2019ouverture de Supeco \u00ab&nbsp;El Mansour&nbsp;\u00bb (avril 2019) et trois mois apr\u00e8s celle de \u00ab&nbsp;Grand Yoff&nbsp;\u00bb (juin 2019), CFAO Retail a inaugur\u00e9 ce jour son troisi\u00e8me magasin Supeco [&hellip;]","og_url":"https:\/\/sbx82.cod.cc\/cfao\/supeco\/inauguration-de-supeco-golf-dakar\/","og_site_name":"Supeco","article_published_time":"2019-10-30T18:30:43+00:00","article_modified_time":"2020-08-12T09:31:11+00:00","og_image":[{"width":1599,"height":899,"url":"https:\/\/sbx82.cod.cc\/cfao\/supeco\/wp-content\/uploads\/2019\/10\/IMG-20191028-WA0009.jpg","type":"image\/jpeg"}],"author":"Christine Calvez","twitter_card":"summary_large_image","twitter_misc":{"\u00c9crit par":"Christine Calvez","Dur\u00e9e de lecture estim\u00e9e":"3 minutes"},"schema":{"@context":"https:\/\/schema.org","@graph":[{"@type":"Article","@id":"https:\/\/sbx82.cod.cc\/cfao\/supeco\/inauguration-de-supeco-golf-dakar\/#article","isPartOf":{"@id":"https:\/\/sbx82.cod.cc\/cfao\/supeco\/inauguration-de-supeco-golf-dakar\/"},"author":{"name":"Christine Calvez","@id":"https:\/\/sbx82.cod.cc\/cfao\/supeco\/#\/schema\/person\/66601bd6800fb2547f4eee445abe10bb"},"headline":"Inauguration de Supeco \u00ab\u00a0Golf\u00a0\u00bb, Dakar","datePublished":"2019-10-30T18:30:43+00:00","dateModified":"2020-08-12T09:31:11+00:00","mainEntityOfPage":{"@id":"https:\/\/sbx82.cod.cc\/cfao\/supeco\/inauguration-de-supeco-golf-dakar\/"},"wordCount":573,"commentCount":0,"publisher":{"@id":"https:\/\/sbx82.cod.cc\/cfao\/supeco\/#organization"},"image":{"@id":"https:\/\/sbx82.cod.cc\/cfao\/supeco\/inauguration-de-supeco-golf-dakar\/#primaryimage"},"thumbnailUrl":"https:\/\/sbx82.cod.cc\/cfao\/supeco\/wp-content\/uploads\/2019\/10\/IMG-20191028-WA0009.jpg","articleSection":["communiqu\u00e9 de presse"],"inLanguage":"fr-FR"},{"@type":"WebPage","@id":"https:\/\/sbx82.cod.cc\/cfao\/supeco\/inauguration-de-supeco-golf-dakar\/","url":"https:\/\/sbx82.cod.cc\/cfao\/supeco\/inauguration-de-supeco-golf-dakar\/","name":"Inauguration de Supeco \"Golf\", Dakar - Supeco","isPartOf":{"@id":"https:\/\/sbx82.cod.cc\/cfao\/supeco\/#website"},"primaryImageOfPage":{"@id":"https:\/\/sbx82.cod.cc\/cfao\/supeco\/inauguration-de-supeco-golf-dakar\/#primaryimage"},"image":{"@id":"https:\/\/sbx82.cod.cc\/cfao\/supeco\/inauguration-de-supeco-golf-dakar\/#primaryimage"},"thumbnailUrl":"https:\/\/sbx82.cod.cc\/cfao\/supeco\/wp-content\/uploads\/2019\/10\/IMG-20191028-WA0009.jpg","datePublished":"2019-10-30T18:30:43+00:00","dateModified":"2020-08-12T09:31:11+00:00","inLanguage":"fr-FR","potentialAction":[{"@type":"ReadAction","target":["https:\/\/sbx82.cod.cc\/cfao\/supeco\/inauguration-de-supeco-golf-dakar\/"]}]},{"@type":"ImageObject","inLanguage":"fr-FR","@id":"https:\/\/sbx82.cod.cc\/cfao\/supeco\/inauguration-de-supeco-golf-dakar\/#primaryimage","url":"https:\/\/sbx82.cod.cc\/cfao\/supeco\/wp-content\/uploads\/2019\/10\/IMG-20191028-WA0009.jpg","contentUrl":"https:\/\/sbx82.cod.cc\/cfao\/supeco\/wp-content\/uploads\/2019\/10\/IMG-20191028-WA0009.jpg","width":1599,"height":899},{"@type":"WebSite","@id":"https:\/\/sbx82.cod.cc\/cfao\/supeco\/#website","url":"https:\/\/sbx82.cod.cc\/cfao\/supeco\/","name":"Supeco","description":"Supermarch\u00e9 \u00e9conomique - permet de r\u00e9aliser des \u00e9conomies tous les jours","publisher":{"@id":"https:\/\/sbx82.cod.cc\/cfao\/supeco\/#organization"},"potentialAction":[{"@type":"SearchAction","target":{"@type":"EntryPoint","urlTemplate":"https:\/\/sbx82.cod.cc\/cfao\/supeco\/?s={search_term_string}"},"query-input":{"@type":"PropertyValueSpecification","valueRequired":true,"valueName":"search_term_string"}}],"inLanguage":"fr-FR"},{"@type":"Organization","@id":"https:\/\/sbx82.cod.cc\/cfao\/supeco\/#organization","name":"Supeco","url":"https:\/\/sbx82.cod.cc\/cfao\/supeco\/","logo":{"@type":"ImageObject","inLanguage":"fr-FR","@id":"https:\/\/sbx82.cod.cc\/cfao\/supeco\/#\/schema\/logo\/image\/","url":"https:\/\/sbx82.cod.cc\/cfao\/supeco\/wp-content\/uploads\/2019\/03\/supeco-baseline-rectangle-logo.gif","contentUrl":"https:\/\/sbx82.cod.cc\/cfao\/supeco\/wp-content\/uploads\/2019\/03\/supeco-baseline-rectangle-logo.gif","width":200,"height":73,"caption":"Supeco"},"image":{"@id":"https:\/\/sbx82.cod.cc\/cfao\/supeco\/#\/schema\/logo\/image\/"},"sameAs":["https:\/\/www.linkedin.com\/company\/28987507\/"]},{"@type":"Person","@id":"https:\/\/sbx82.cod.cc\/cfao\/supeco\/#\/schema\/person\/66601bd6800fb2547f4eee445abe10bb","name":"Christine Calvez","image":{"@type":"ImageObject","inLanguage":"fr-FR","@id":"https:\/\/sbx82.cod.cc\/cfao\/supeco\/#\/schema\/person\/image\/","url":"https:\/\/secure.gravatar.com\/avatar\/19d1c6312d74fc37040a2e397d7574bd47e0b45943d4f4303c9a2d046303ebcf?s=96&d=mm&r=g","contentUrl":"https:\/\/secure.gravatar.com\/avatar\/19d1c6312d74fc37040a2e397d7574bd47e0b45943d4f4303c9a2d046303ebcf?s=96&d=mm&r=g","caption":"Christine Calvez"},"url":"https:\/\/sbx82.cod.cc\/cfao\/supeco\/author\/ccalvezcfao-com\/"}]}},"_links":{"self":[{"href":"https:\/\/sbx82.cod.cc\/cfao\/supeco\/wp-json\/wp\/v2\/posts\/2020","targetHints":{"allow":["GET"]}}],"collection":[{"href":"https:\/\/sbx82.cod.cc\/cfao\/supeco\/wp-json\/wp\/v2\/posts"}],"about":[{"href":"https:\/\/sbx82.cod.cc\/cfao\/supeco\/wp-json\/wp\/v2\/types\/post"}],"author":[{"embeddable":true,"href":"https:\/\/sbx82.cod.cc\/cfao\/supeco\/wp-json\/wp\/v2\/users\/2"}],"replies":[{"embeddable":true,"href":"https:\/\/sbx82.cod.cc\/cfao\/supeco\/wp-json\/wp\/v2\/comments?post=2020"}],"version-history":[{"count":15,"href":"https:\/\/sbx82.cod.cc\/cfao\/supeco\/wp-json\/wp\/v2\/posts\/2020\/revisions"}],"predecessor-version":[{"id":2042,"href":"https:\/\/sbx82.cod.cc\/cfao\/supeco\/wp-json\/wp\/v2\/posts\/2020\/revisions\/2042"}],"wp:featuredmedia":[{"embeddable":true,"href":"https:\/\/sbx82.cod.cc\/cfao\/supeco\/wp-json\/wp\/v2\/media\/2024"}],"wp:attachment":[{"href":"https:\/\/sbx82.cod.cc\/cfao\/supeco\/wp-json\/wp\/v2\/media?parent=2020"}],"wp:term":[{"taxonomy":"category","embeddable":true,"href":"https:\/\/sbx82.cod.cc\/cfao\/supeco\/wp-json\/wp\/v2\/categories?post=2020"},{"taxonomy":"post_tag","embeddable":true,"href":"https:\/\/sbx82.cod.cc\/cfao\/supeco\/wp-json\/wp\/v2\/tags?post=2020"}],"curies":[{"name":"wp","href":"https:\/\/api.w.org\/{rel}","templated":true}]}}