{"id":2016,"date":"2019-10-30T19:30:54","date_gmt":"2019-10-30T18:30:54","guid":{"rendered":"https:\/\/sbx82.cod.cc\/cfao\/supeco\/?p=2016"},"modified":"2020-08-12T11:19:10","modified_gmt":"2020-08-12T09:19:10","slug":"le-deploiement-de-supeco-en-afrique-subsaharienne","status":"publish","type":"post","link":"https:\/\/sbx82.cod.cc\/cfao\/supeco\/le-deploiement-de-supeco-en-afrique-subsaharienne\/","title":{"rendered":"Le d\u00e9ploiement de Supeco en Afrique subsaharienne"},"content":{"rendered":"\n<div class=\"wp-block-file\"><a href=\"https:\/\/sbx82.cod.cc\/cfao\/supeco\/wp-content\/uploads\/2019\/10\/DP-SUPECO-VDef.pdf\">DOSSIER DE PRESSE &#8211; OCTOBRE 2019<\/a><a href=\"https:\/\/sbx82.cod.cc\/cfao\/supeco\/wp-content\/uploads\/2019\/10\/DP-SUPECO-VDef.pdf\" class=\"wp-block-file__button\" download>T\u00e9l\u00e9charger<\/a><\/div>\n\n\n\n<p><\/p>\n","protected":false},"excerpt":{"rendered":"","protected":false},"author":2,"featured_media":2018,"comment_status":"open","ping_status":"open","sticky":true,"template":"","format":"standard","meta":{"_acf_changed":false,"footnotes":""},"categories":[53],"tags":[],"class_list":["post-2016","post","type-post","status-publish","format-standard","has-post-thumbnail","hentry","category-dossier-de-presse"],"pp_force_visibility":null,"pp_subpost_visibility":null,"pp_inherited_force_visibility":null,"pp_inherited_subpost_visibility":null,"acf":[],"yoast_head":"<!-- This site is optimized with the Yoast SEO plugin v25.2 - https:\/\/yoast.com\/wordpress\/plugins\/seo\/ -->\n<title>Le d\u00e9ploiement de Supeco en Afrique subsaharienne - Supeco<\/title>\n<meta name=\"robots\" content=\"index, follow, max-snippet:-1, max-image-preview:large, max-video-preview:-1\" \/>\n<link rel=\"canonical\" href=\"https:\/\/sbx82.cod.cc\/cfao\/supeco\/le-deploiement-de-supeco-en-afrique-subsaharienne\/\" \/>\n<meta property=\"og:locale\" content=\"fr_FR\" \/>\n<meta property=\"og:type\" content=\"article\" \/>\n<meta property=\"og:title\" content=\"Le d\u00e9ploiement de Supeco en Afrique subsaharienne - Supeco\" \/>\n<meta property=\"og:url\" content=\"https:\/\/sbx82.cod.cc\/cfao\/supeco\/le-deploiement-de-supeco-en-afrique-subsaharienne\/\" \/>\n<meta property=\"og:site_name\" content=\"Supeco\" \/>\n<meta property=\"article:published_time\" content=\"2019-10-30T18:30:54+00:00\" \/>\n<meta property=\"article:modified_time\" content=\"2020-08-12T09:19:10+00:00\" \/>\n<meta property=\"og:image\" content=\"https:\/\/sbx82.cod.cc\/cfao\/supeco\/wp-content\/uploads\/2019\/10\/Capture-d\u2019\u00e9cran-55.png\" \/>\n\t<meta property=\"og:image:width\" content=\"613\" \/>\n\t<meta property=\"og:image:height\" content=\"368\" \/>\n\t<meta property=\"og:image:type\" content=\"image\/png\" \/>\n<meta name=\"author\" content=\"Christine Calvez\" \/>\n<meta name=\"twitter:card\" content=\"summary_large_image\" \/>\n<meta name=\"twitter:label1\" content=\"\u00c9crit par\" \/>\n\t<meta name=\"twitter:data1\" content=\"Christine Calvez\" \/>\n<script type=\"application\/ld+json\" class=\"yoast-schema-graph\">{\"@context\":\"https:\/\/schema.org\",\"@graph\":[{\"@type\":\"Article\",\"@id\":\"https:\/\/sbx82.cod.cc\/cfao\/supeco\/le-deploiement-de-supeco-en-afrique-subsaharienne\/#article\",\"isPartOf\":{\"@id\":\"https:\/\/sbx82.cod.cc\/cfao\/supeco\/le-deploiement-de-supeco-en-afrique-subsaharienne\/\"},\"author\":{\"name\":\"Christine Calvez\",\"@id\":\"https:\/\/sbx82.cod.cc\/cfao\/supeco\/#\/schema\/person\/66601bd6800fb2547f4eee445abe10bb\"},\"headline\":\"Le d\u00e9ploiement de Supeco en Afrique subsaharienne\",\"datePublished\":\"2019-10-30T18:30:54+00:00\",\"dateModified\":\"2020-08-12T09:19:10+00:00\",\"mainEntityOfPage\":{\"@id\":\"https:\/\/sbx82.cod.cc\/cfao\/supeco\/le-deploiement-de-supeco-en-afrique-subsaharienne\/\"},\"wordCount\":16,\"commentCount\":0,\"publisher\":{\"@id\":\"https:\/\/sbx82.cod.cc\/cfao\/supeco\/#organization\"},\"image\":{\"@id\":\"https:\/\/sbx82.cod.cc\/cfao\/supeco\/le-deploiement-de-supeco-en-afrique-subsaharienne\/#primaryimage\"},\"thumbnailUrl\":\"https:\/\/sbx82.cod.cc\/cfao\/supeco\/wp-content\/uploads\/2019\/10\/Capture-d\u2019\u00e9cran-55.png\",\"articleSection\":[\"Dossier de presse\"],\"inLanguage\":\"fr-FR\"},{\"@type\":\"WebPage\",\"@id\":\"https:\/\/sbx82.cod.cc\/cfao\/supeco\/le-deploiement-de-supeco-en-afrique-subsaharienne\/\",\"url\":\"https:\/\/sbx82.cod.cc\/cfao\/supeco\/le-deploiement-de-supeco-en-afrique-subsaharienne\/\",\"name\":\"Le d\u00e9ploiement de Supeco en Afrique subsaharienne - Supeco\",\"isPartOf\":{\"@id\":\"https:\/\/sbx82.cod.cc\/cfao\/supeco\/#website\"},\"primaryImageOfPage\":{\"@id\":\"https:\/\/sbx82.cod.cc\/cfao\/supeco\/le-deploiement-de-supeco-en-afrique-subsaharienne\/#primaryimage\"},\"image\":{\"@id\":\"https:\/\/sbx82.cod.cc\/cfao\/supeco\/le-deploiement-de-supeco-en-afrique-subsaharienne\/#primaryimage\"},\"thumbnailUrl\":\"https:\/\/sbx82.cod.cc\/cfao\/supeco\/wp-content\/uploads\/2019\/10\/Capture-d\u2019\u00e9cran-55.png\",\"datePublished\":\"2019-10-30T18:30:54+00:00\",\"dateModified\":\"2020-08-12T09:19:10+00:00\",\"inLanguage\":\"fr-FR\",\"potentialAction\":[{\"@type\":\"ReadAction\",\"target\":[\"https:\/\/sbx82.cod.cc\/cfao\/supeco\/le-deploiement-de-supeco-en-afrique-subsaharienne\/\"]}]},{\"@type\":\"ImageObject\",\"inLanguage\":\"fr-FR\",\"@id\":\"https:\/\/sbx82.cod.cc\/cfao\/supeco\/le-deploiement-de-supeco-en-afrique-subsaharienne\/#primaryimage\",\"url\":\"https:\/\/sbx82.cod.cc\/cfao\/supeco\/wp-content\/uploads\/2019\/10\/Capture-d\u2019\u00e9cran-55.png\",\"contentUrl\":\"https:\/\/sbx82.cod.cc\/cfao\/supeco\/wp-content\/uploads\/2019\/10\/Capture-d\u2019\u00e9cran-55.png\",\"width\":613,\"height\":368},{\"@type\":\"WebSite\",\"@id\":\"https:\/\/sbx82.cod.cc\/cfao\/supeco\/#website\",\"url\":\"https:\/\/sbx82.cod.cc\/cfao\/supeco\/\",\"name\":\"Supeco\",\"description\":\"Supermarch\u00e9 \u00e9conomique - permet de r\u00e9aliser des \u00e9conomies tous les jours\",\"publisher\":{\"@id\":\"https:\/\/sbx82.cod.cc\/cfao\/supeco\/#organization\"},\"potentialAction\":[{\"@type\":\"SearchAction\",\"target\":{\"@type\":\"EntryPoint\",\"urlTemplate\":\"https:\/\/sbx82.cod.cc\/cfao\/supeco\/?s={search_term_string}\"},\"query-input\":{\"@type\":\"PropertyValueSpecification\",\"valueRequired\":true,\"valueName\":\"search_term_string\"}}],\"inLanguage\":\"fr-FR\"},{\"@type\":\"Organization\",\"@id\":\"https:\/\/sbx82.cod.cc\/cfao\/supeco\/#organization\",\"name\":\"Supeco\",\"url\":\"https:\/\/sbx82.cod.cc\/cfao\/supeco\/\",\"logo\":{\"@type\":\"ImageObject\",\"inLanguage\":\"fr-FR\",\"@id\":\"https:\/\/sbx82.cod.cc\/cfao\/supeco\/#\/schema\/logo\/image\/\",\"url\":\"https:\/\/sbx82.cod.cc\/cfao\/supeco\/wp-content\/uploads\/2019\/03\/supeco-baseline-rectangle-logo.gif\",\"contentUrl\":\"https:\/\/sbx82.cod.cc\/cfao\/supeco\/wp-content\/uploads\/2019\/03\/supeco-baseline-rectangle-logo.gif\",\"width\":200,\"height\":73,\"caption\":\"Supeco\"},\"image\":{\"@id\":\"https:\/\/sbx82.cod.cc\/cfao\/supeco\/#\/schema\/logo\/image\/\"},\"sameAs\":[\"https:\/\/www.linkedin.com\/company\/28987507\/\"]},{\"@type\":\"Person\",\"@id\":\"https:\/\/sbx82.cod.cc\/cfao\/supeco\/#\/schema\/person\/66601bd6800fb2547f4eee445abe10bb\",\"name\":\"Christine Calvez\",\"image\":{\"@type\":\"ImageObject\",\"inLanguage\":\"fr-FR\",\"@id\":\"https:\/\/sbx82.cod.cc\/cfao\/supeco\/#\/schema\/person\/image\/\",\"url\":\"https:\/\/secure.gravatar.com\/avatar\/19d1c6312d74fc37040a2e397d7574bd47e0b45943d4f4303c9a2d046303ebcf?s=96&d=mm&r=g\",\"contentUrl\":\"https:\/\/secure.gravatar.com\/avatar\/19d1c6312d74fc37040a2e397d7574bd47e0b45943d4f4303c9a2d046303ebcf?s=96&d=mm&r=g\",\"caption\":\"Christine Calvez\"},\"url\":\"https:\/\/sbx82.cod.cc\/cfao\/supeco\/author\/ccalvezcfao-com\/\"}]}<\/script>\n<!-- \/ Yoast SEO plugin. -->","yoast_head_json":{"title":"Le d\u00e9ploiement de Supeco en Afrique subsaharienne - Supeco","robots":{"index":"index","follow":"follow","max-snippet":"max-snippet:-1","max-image-preview":"max-image-preview:large","max-video-preview":"max-video-preview:-1"},"canonical":"https:\/\/sbx82.cod.cc\/cfao\/supeco\/le-deploiement-de-supeco-en-afrique-subsaharienne\/","og_locale":"fr_FR","og_type":"article","og_title":"Le d\u00e9ploiement de Supeco en Afrique subsaharienne - Supeco","og_url":"https:\/\/sbx82.cod.cc\/cfao\/supeco\/le-deploiement-de-supeco-en-afrique-subsaharienne\/","og_site_name":"Supeco","article_published_time":"2019-10-30T18:30:54+00:00","article_modified_time":"2020-08-12T09:19:10+00:00","og_image":[{"width":613,"height":368,"url":"https:\/\/sbx82.cod.cc\/cfao\/supeco\/wp-content\/uploads\/2019\/10\/Capture-d\u2019\u00e9cran-55.png","type":"image\/png"}],"author":"Christine Calvez","twitter_card":"summary_large_image","twitter_misc":{"\u00c9crit par":"Christine Calvez"},"schema":{"@context":"https:\/\/schema.org","@graph":[{"@type":"Article","@id":"https:\/\/sbx82.cod.cc\/cfao\/supeco\/le-deploiement-de-supeco-en-afrique-subsaharienne\/#article","isPartOf":{"@id":"https:\/\/sbx82.cod.cc\/cfao\/supeco\/le-deploiement-de-supeco-en-afrique-subsaharienne\/"},"author":{"name":"Christine Calvez","@id":"https:\/\/sbx82.cod.cc\/cfao\/supeco\/#\/schema\/person\/66601bd6800fb2547f4eee445abe10bb"},"headline":"Le d\u00e9ploiement de Supeco en Afrique subsaharienne","datePublished":"2019-10-30T18:30:54+00:00","dateModified":"2020-08-12T09:19:10+00:00","mainEntityOfPage":{"@id":"https:\/\/sbx82.cod.cc\/cfao\/supeco\/le-deploiement-de-supeco-en-afrique-subsaharienne\/"},"wordCount":16,"commentCount":0,"publisher":{"@id":"https:\/\/sbx82.cod.cc\/cfao\/supeco\/#organization"},"image":{"@id":"https:\/\/sbx82.cod.cc\/cfao\/supeco\/le-deploiement-de-supeco-en-afrique-subsaharienne\/#primaryimage"},"thumbnailUrl":"https:\/\/sbx82.cod.cc\/cfao\/supeco\/wp-content\/uploads\/2019\/10\/Capture-d\u2019\u00e9cran-55.png","articleSection":["Dossier de presse"],"inLanguage":"fr-FR"},{"@type":"WebPage","@id":"https:\/\/sbx82.cod.cc\/cfao\/supeco\/le-deploiement-de-supeco-en-afrique-subsaharienne\/","url":"https:\/\/sbx82.cod.cc\/cfao\/supeco\/le-deploiement-de-supeco-en-afrique-subsaharienne\/","name":"Le d\u00e9ploiement de Supeco en Afrique subsaharienne - Supeco","isPartOf":{"@id":"https:\/\/sbx82.cod.cc\/cfao\/supeco\/#website"},"primaryImageOfPage":{"@id":"https:\/\/sbx82.cod.cc\/cfao\/supeco\/le-deploiement-de-supeco-en-afrique-subsaharienne\/#primaryimage"},"image":{"@id":"https:\/\/sbx82.cod.cc\/cfao\/supeco\/le-deploiement-de-supeco-en-afrique-subsaharienne\/#primaryimage"},"thumbnailUrl":"https:\/\/sbx82.cod.cc\/cfao\/supeco\/wp-content\/uploads\/2019\/10\/Capture-d\u2019\u00e9cran-55.png","datePublished":"2019-10-30T18:30:54+00:00","dateModified":"2020-08-12T09:19:10+00:00","inLanguage":"fr-FR","potentialAction":[{"@type":"ReadAction","target":["https:\/\/sbx82.cod.cc\/cfao\/supeco\/le-deploiement-de-supeco-en-afrique-subsaharienne\/"]}]},{"@type":"ImageObject","inLanguage":"fr-FR","@id":"https:\/\/sbx82.cod.cc\/cfao\/supeco\/le-deploiement-de-supeco-en-afrique-subsaharienne\/#primaryimage","url":"https:\/\/sbx82.cod.cc\/cfao\/supeco\/wp-content\/uploads\/2019\/10\/Capture-d\u2019\u00e9cran-55.png","contentUrl":"https:\/\/sbx82.cod.cc\/cfao\/supeco\/wp-content\/uploads\/2019\/10\/Capture-d\u2019\u00e9cran-55.png","width":613,"height":368},{"@type":"WebSite","@id":"https:\/\/sbx82.cod.cc\/cfao\/supeco\/#website","url":"https:\/\/sbx82.cod.cc\/cfao\/supeco\/","name":"Supeco","description":"Supermarch\u00e9 \u00e9conomique - permet de r\u00e9aliser des \u00e9conomies tous les jours","publisher":{"@id":"https:\/\/sbx82.cod.cc\/cfao\/supeco\/#organization"},"potentialAction":[{"@type":"SearchAction","target":{"@type":"EntryPoint","urlTemplate":"https:\/\/sbx82.cod.cc\/cfao\/supeco\/?s={search_term_string}"},"query-input":{"@type":"PropertyValueSpecification","valueRequired":true,"valueName":"search_term_string"}}],"inLanguage":"fr-FR"},{"@type":"Organization","@id":"https:\/\/sbx82.cod.cc\/cfao\/supeco\/#organization","name":"Supeco","url":"https:\/\/sbx82.cod.cc\/cfao\/supeco\/","logo":{"@type":"ImageObject","inLanguage":"fr-FR","@id":"https:\/\/sbx82.cod.cc\/cfao\/supeco\/#\/schema\/logo\/image\/","url":"https:\/\/sbx82.cod.cc\/cfao\/supeco\/wp-content\/uploads\/2019\/03\/supeco-baseline-rectangle-logo.gif","contentUrl":"https:\/\/sbx82.cod.cc\/cfao\/supeco\/wp-content\/uploads\/2019\/03\/supeco-baseline-rectangle-logo.gif","width":200,"height":73,"caption":"Supeco"},"image":{"@id":"https:\/\/sbx82.cod.cc\/cfao\/supeco\/#\/schema\/logo\/image\/"},"sameAs":["https:\/\/www.linkedin.com\/company\/28987507\/"]},{"@type":"Person","@id":"https:\/\/sbx82.cod.cc\/cfao\/supeco\/#\/schema\/person\/66601bd6800fb2547f4eee445abe10bb","name":"Christine Calvez","image":{"@type":"ImageObject","inLanguage":"fr-FR","@id":"https:\/\/sbx82.cod.cc\/cfao\/supeco\/#\/schema\/person\/image\/","url":"https:\/\/secure.gravatar.com\/avatar\/19d1c6312d74fc37040a2e397d7574bd47e0b45943d4f4303c9a2d046303ebcf?s=96&d=mm&r=g","contentUrl":"https:\/\/secure.gravatar.com\/avatar\/19d1c6312d74fc37040a2e397d7574bd47e0b45943d4f4303c9a2d046303ebcf?s=96&d=mm&r=g","caption":"Christine Calvez"},"url":"https:\/\/sbx82.cod.cc\/cfao\/supeco\/author\/ccalvezcfao-com\/"}]}},"_links":{"self":[{"href":"https:\/\/sbx82.cod.cc\/cfao\/supeco\/wp-json\/wp\/v2\/posts\/2016","targetHints":{"allow":["GET"]}}],"collection":[{"href":"https:\/\/sbx82.cod.cc\/cfao\/supeco\/wp-json\/wp\/v2\/posts"}],"about":[{"href":"https:\/\/sbx82.cod.cc\/cfao\/supeco\/wp-json\/wp\/v2\/types\/post"}],"author":[{"embeddable":true,"href":"https:\/\/sbx82.cod.cc\/cfao\/supeco\/wp-json\/wp\/v2\/users\/2"}],"replies":[{"embeddable":true,"href":"https:\/\/sbx82.cod.cc\/cfao\/supeco\/wp-json\/wp\/v2\/comments?post=2016"}],"version-history":[{"count":1,"href":"https:\/\/sbx82.cod.cc\/cfao\/supeco\/wp-json\/wp\/v2\/posts\/2016\/revisions"}],"predecessor-version":[{"id":2019,"href":"https:\/\/sbx82.cod.cc\/cfao\/supeco\/wp-json\/wp\/v2\/posts\/2016\/revisions\/2019"}],"wp:featuredmedia":[{"embeddable":true,"href":"https:\/\/sbx82.cod.cc\/cfao\/supeco\/wp-json\/wp\/v2\/media\/2018"}],"wp:attachment":[{"href":"https:\/\/sbx82.cod.cc\/cfao\/supeco\/wp-json\/wp\/v2\/media?parent=2016"}],"wp:term":[{"taxonomy":"category","embeddable":true,"href":"https:\/\/sbx82.cod.cc\/cfao\/supeco\/wp-json\/wp\/v2\/categories?post=2016"},{"taxonomy":"post_tag","embeddable":true,"href":"https:\/\/sbx82.cod.cc\/cfao\/supeco\/wp-json\/wp\/v2\/tags?post=2016"}],"curies":[{"name":"wp","href":"https:\/\/api.w.org\/{rel}","templated":true}]}}